{"id":43348,"date":"2019-06-29T12:17:00","date_gmt":"2019-06-29T16:17:00","guid":{"rendered":"https:\/\/linitiative.ca\/International\/la-laddh-condamne-les-arrestations-des-manifestants\/"},"modified":"2019-06-29T12:17:00","modified_gmt":"2019-06-29T16:17:00","slug":"la-laddh-condamne-les-arrestations-des-manifestants","status":"publish","type":"post","link":"https:\/\/linitiative.ca\/International\/la-laddh-condamne-les-arrestations-des-manifestants\/","title":{"rendered":"La LADDH condamne les arrestations des manifestants"},"content":{"rendered":"<div id=\"originalText\" readability=\"52\">\n<p>La Ligue alg\u00e9rienne pour la d\u00e9fense des droits de l\u2019Homme (LADDH) a r\u00e9agi,<br \/>aujourd\u2019hui, \u00e0 la r\u00e9pression polici\u00e8re dont ont \u00e9t\u00e9 victimes les manifestants lors du 19 e vendredi de mobilisation contre le syst\u00e8me et ses symboles.<\/p>\n<p>Dans son communiqu\u00e9, la LADDH qualifie la sortie des forces de l\u2019ordre de<br \/>\u00abr\u00e9pression injustifi\u00e9e et choquante\u00bb. L\u2019organisation a appel\u00e9 le Parquet<br \/>d\u2019Alger \u00e0 abandonner les poursuites judiciaires \u00e0 l\u2019encontre des manifestants qui compara\u00eetront demain devant les tribunaux, tout en exigeant \u00ab la lib\u00e9ration de l\u2019ensemble des d\u00e9tenus d\u2019opinion et politiques et au respect des libert\u00e9s<br \/>publiques et individuelles, de manifestations pacifiques, d\u2019opinion et<br \/>d\u2019expression\u00bb.<\/p>\n<p>Pour la LADDH, \u00able pouvoir politique proc\u00e8de \u00e0 contre-courant, en privil\u00e9giant<br \/>la solution de la force et la r\u00e9pression contre le peuple pacifique qui a montr\u00e9<br \/>beaucoup de retenue et de responsabilit\u00e9. Les choix du pouvoir ne feront<br \/>qu\u2019envenimer le climat au risque de mener le pays vers l\u2019irr\u00e9parable et le<br \/>chaos\u00bb.<\/p>\n<p class=\"c10\"><strong>R\u00e9daction Web<\/strong><\/p>\n<\/div>\n<div id=\"text_core\" readability=\"52\">\n<p>La Ligue alg\u00e9rienne pour la d\u00e9fense des droits de l\u2019Homme (LADDH) a r\u00e9agi,<br \/>aujourd\u2019hui, \u00e0 la r\u00e9pression polici\u00e8re dont ont \u00e9t\u00e9 victimes les manifestants lors du 19 e vendredi de mobilisation contre le syst\u00e8me et ses symboles.<\/p>\n<p>Dans son communiqu\u00e9, la LADDH qualifie la sortie des forces de l\u2019ordre de<br \/>\u00abr\u00e9pression injustifi\u00e9e et choquante\u00bb. L\u2019organisation a appel\u00e9 le Parquet<br \/>d\u2019Alger \u00e0 abandonner les poursuites judiciaires \u00e0 l\u2019encontre des manifestants qui compara\u00eetront demain devant les tribunaux, tout en exigeant \u00ab la lib\u00e9ration de l\u2019ensemble des d\u00e9tenus d\u2019opinion et politiques et au respect des libert\u00e9s<br \/>publiques et individuelles, de manifestations pacifiques, d\u2019opinion et<br \/>d\u2019expression\u00bb.<\/p>\n<p>Pour la LADDH, \u00able pouvoir politique proc\u00e8de \u00e0 contre-courant, en privil\u00e9giant<br \/>la solution de la force et la r\u00e9pression contre le peuple pacifique qui a montr\u00e9<br \/>beaucoup de retenue et de responsabilit\u00e9. Les choix du pouvoir ne feront<br \/>qu\u2019envenimer le climat au risque de mener le pays vers l\u2019irr\u00e9parable et le<br \/>chaos\u00bb.<\/p>\n<p class=\"c10\"><strong>R\u00e9daction Web<\/strong><\/p>\n<\/div>\n<p>Auteur:<br \/>\n<a href=\"https:\/\/www.liberte-algerie.com\/actualite\/la-laddh-condamne-les-arrestations-des-manifestants-318893\">Cliquez ici pour lire l&rsquo;article depuis sa source.<\/a><\/p>\n","protected":false},"excerpt":{"rendered":"<p>La Ligue alg\u00e9rienne pour la d\u00e9fense des droits de l\u2019Homme (LADDH) a r\u00e9agi,aujourd\u2019hui, \u00e0 la r\u00e9pression polici\u00e8re dont ont \u00e9t\u00e9 victimes les manifestants lors du 19 e vendredi de mobilisation contre le syst\u00e8me et ses symboles. Dans son communiqu\u00e9, la LADDH qualifie la sortie des forces de l\u2019ordre de\u00abr\u00e9pression injustifi\u00e9e et choquante\u00bb. L\u2019organisation a appel\u00e9 [&hellip;]<\/p>\n","protected":false},"author":1742,"featured_media":0,"comment_status":"closed","ping_status":"closed","sticky":false,"template":"","format":"standard","meta":{"fifu_image_url":"","fifu_image_alt":"","footnotes":""},"categories":[73,53],"tags":[],"class_list":["post-43348","post","type-post","status-publish","format-standard","hentry","category-actualite","category-algerie"],"_links":{"self":[{"href":"https:\/\/linitiative.ca\/International\/wp-json\/wp\/v2\/posts\/43348","targetHints":{"allow":["GET"]}}],"collection":[{"href":"https:\/\/linitiative.ca\/International\/wp-json\/wp\/v2\/posts"}],"about":[{"href":"https:\/\/linitiative.ca\/International\/wp-json\/wp\/v2\/types\/post"}],"author":[{"embeddable":true,"href":"https:\/\/linitiative.ca\/International\/wp-json\/wp\/v2\/users\/1742"}],"replies":[{"embeddable":true,"href":"https:\/\/linitiative.ca\/International\/wp-json\/wp\/v2\/comments?post=43348"}],"version-history":[{"count":0,"href":"https:\/\/linitiative.ca\/International\/wp-json\/wp\/v2\/posts\/43348\/revisions"}],"wp:attachment":[{"href":"https:\/\/linitiative.ca\/International\/wp-json\/wp\/v2\/media?parent=43348"}],"wp:term":[{"taxonomy":"category","embeddable":true,"href":"https:\/\/linitiative.ca\/International\/wp-json\/wp\/v2\/categories?post=43348"},{"taxonomy":"post_tag","embeddable":true,"href":"https:\/\/linitiative.ca\/International\/wp-json\/wp\/v2\/tags?post=43348"}],"curies":[{"name":"wp","href":"https:\/\/api.w.org\/{rel}","templated":true}]}}