{"id":43394,"date":"2019-06-29T12:53:15","date_gmt":"2019-06-29T16:53:15","guid":{"rendered":"https:\/\/linitiative.ca\/International\/91240-mahrez-ce-n-est-pas-une-finalite-d-avoir-battu-le-senegal\/"},"modified":"2019-06-29T12:53:15","modified_gmt":"2019-06-29T16:53:15","slug":"91240-mahrez-ce-n-est-pas-une-finalite-d-avoir-battu-le-senegal","status":"publish","type":"post","link":"https:\/\/linitiative.ca\/International\/91240-mahrez-ce-n-est-pas-une-finalite-d-avoir-battu-le-senegal\/","title":{"rendered":"Mahrez : \u00ab\u00a0Ce n\u2019est pas une finalit\u00e9 d\u2019avoir battu le S\u00e9n\u00e9gal\u00a0\u00bb"},"content":{"rendered":"<div>\n<div class=\"K2FeedImage\"><img decoding=\"async\" src=\"http:\/\/www.aps.dz\/media\/k2\/items\/cache\/1f1cf6a841c2b65c2f12d27e7ebf19e1_S.jpg\" alt=\"Mahrez : \" ce n pas une finalit d battu le s><\/div>\n<div class=\"K2FeedIntroText\">\n<p><strong>LE CAIRE &#8211; Le capitaine de la s\u00e9lection alg\u00e9rienne de football, Riyad Mahrez, a refus\u00e9 de verser dans l\u2019euphorie, deux jours apr\u00e8s la victoire d\u00e9croch\u00e9e face au S\u00e9n\u00e9gal (1-0), synonyme de qualification pour les 1\/8 de finale de la Coupe d\u2019Afrique des nations CAN-2019 en Egypte.<\/strong><\/p>\n<\/div>\n<div class=\"K2FeedFullText\">\n<p>\u00ab\u00a0Il ne faut pas s\u2019enflammer, ce n\u2019est pas une finalit\u00e9 d\u2019avoir gagn\u00e9 face au S\u00e9n\u00e9gal, il faut rester concentr\u00e9 sur le reste de la comp\u00e9tition. Les ambitions ne sont pas revues \u00e0 la hausse, nous avons toujours l\u2019ambition d\u2019aller le plus loin possible. Tout le monde est concentr\u00e9, ces deux victoires nous ont donn\u00e9 plus de confiance. On va aborder les 1\/8 avec l\u2019envie de franchir un autre cap\u00a0\u00bb, a indiqu\u00e9 le soci\u00e9taire de Manchester City (Angleterre) en conf\u00e9rence de presse tenue samedi au stade Al-Salam du Caire.\u00a0\u00a0<\/p>\n<p>Vainqueurs lors de leurs deux premiers matchs du tournoi, face respectivement au Kenya (2-0) et au S\u00e9n\u00e9gal (1-0), les \u00ab\u00a0Verts\u00a0\u00bb aspirent \u00e0 confirmer leur regain de forme devant les \u00ab\u00a0Taifa stars\u00a0\u00bb de Tanzanie, virtuellement \u00e9limin\u00e9s apr\u00e8s deux d\u00e9faites de rang dans le groupe C, lundi au Caire pour le compte de la 3e et derni\u00e8re journ\u00e9e (20h00 alg\u00e9riennes).<\/p>\n<p>L\u2019Alg\u00e9rie esp\u00e8re r\u00e9\u00e9diter l\u2019exploit r\u00e9alis\u00e9 lors de l\u2019\u00e9dition 1990 disput\u00e9e \u00e0 domicile avec trois succ\u00e8s de suite au premier tour.<\/p>\n<p>\u00ab\u00a0On jouait tous de notre c\u00f4t\u00e9. Je fais partie d\u2019un collectif. On l\u2019a vu face au S\u00e9n\u00e9gal, tout le monde se bat pour tout le monde, personne ne triche. Automatiquement, les qualit\u00e9s individuelles ressortent quand on a un bon collectif\u00a0\u00bb, a-t-il ajout\u00e9.<\/p>\n<p>Mahrez n\u2019a pas tari d\u2019\u00e9loges sur son entra\u00eeneur Djamel Belmadi, assis \u00e0 c\u00f4t\u00e9 de lui, le qualifiant de \u00ab\u00a0bon technicien\u00a0\u00bb.<\/p>\n<p>\u00ab\u00a0Je n\u2019aime pas trop parler du coach surtout qu\u2019il est l\u00e0 (rires, ndlr). C\u2019est un bon technicien. On travaille beaucoup plus sur le plan tactique avec lui, contrairement aux pr\u00e9c\u00e9dents s\u00e9lectionneurs. Il insiste sur beaucoup de choses. Sur le terrain, Belmadi a les mots pour nous motiver. On a des joueurs qui arrivent \u00e0 maturit\u00e9 : moi-m\u00eame, Feghouli, Mandi, ou encore Bounedjah, c\u2019est un bon mix. On essaye de transmettre nos exp\u00e9riences des pr\u00e9c\u00e9dentes CAN. Le coach a travaill\u00e9 sur la motivation. Nous ne sommes pas le Br\u00e9sil. C\u2019est bien de rendre fier notre peuple. On va continuer \u00e0 nous donner \u00e0 fond\u00a0\u00bb, a-t-il conclu.<\/p>\n<\/div>\n<p><img loading=\"lazy\" decoding=\"async\" src=\"http:\/\/feeds.feedburner.com\/~r\/aps-sport\/~4\/XBfrtMNvo48\" height=\"1\" width=\"1\" alt=\"\"><\/div>\n<p>Auteur:<br \/>\n<a href=\"http:\/\/www.aps.dz\/sport\/91240-mahrez-ce-n-est-pas-une-finalite-d-avoir-battu-le-senegal?utm_source=feedburner&#038;utm_medium=feed&#038;utm_campaign=Feed%3A+aps-sport+%28APS+-+SPORT%29\">Cliquez ici pour lire l&rsquo;article depuis sa source.<\/a><\/p>\n","protected":false},"excerpt":{"rendered":"<p>LE CAIRE &#8211; Le capitaine de la s\u00e9lection alg\u00e9rienne de football, Riyad Mahrez, a refus\u00e9 de verser dans l\u2019euphorie, deux jours apr\u00e8s la victoire d\u00e9croch\u00e9e face au S\u00e9n\u00e9gal (1-0), synonyme de qualification pour les 1\/8 de finale de la Coupe d\u2019Afrique des nations CAN-2019 en Egypte. \u00ab\u00a0Il ne faut pas s\u2019enflammer, ce n\u2019est pas une [&hellip;]<\/p>\n","protected":false},"author":1790,"featured_media":43395,"comment_status":"closed","ping_status":"closed","sticky":false,"template":"","format":"standard","meta":{"fifu_image_url":"","fifu_image_alt":"","footnotes":""},"categories":[53,75],"tags":[],"class_list":["post-43394","post","type-post","status-publish","format-standard","has-post-thumbnail","hentry","category-algerie","category-sport"],"_links":{"self":[{"href":"https:\/\/linitiative.ca\/International\/wp-json\/wp\/v2\/posts\/43394","targetHints":{"allow":["GET"]}}],"collection":[{"href":"https:\/\/linitiative.ca\/International\/wp-json\/wp\/v2\/posts"}],"about":[{"href":"https:\/\/linitiative.ca\/International\/wp-json\/wp\/v2\/types\/post"}],"author":[{"embeddable":true,"href":"https:\/\/linitiative.ca\/International\/wp-json\/wp\/v2\/users\/1790"}],"replies":[{"embeddable":true,"href":"https:\/\/linitiative.ca\/International\/wp-json\/wp\/v2\/comments?post=43394"}],"version-history":[{"count":0,"href":"https:\/\/linitiative.ca\/International\/wp-json\/wp\/v2\/posts\/43394\/revisions"}],"wp:featuredmedia":[{"embeddable":true,"href":"https:\/\/linitiative.ca\/International\/wp-json\/"}],"wp:attachment":[{"href":"https:\/\/linitiative.ca\/International\/wp-json\/wp\/v2\/media?parent=43394"}],"wp:term":[{"taxonomy":"category","embeddable":true,"href":"https:\/\/linitiative.ca\/International\/wp-json\/wp\/v2\/categories?post=43394"},{"taxonomy":"post_tag","embeddable":true,"href":"https:\/\/linitiative.ca\/International\/wp-json\/wp\/v2\/tags?post=43394"}],"curies":[{"name":"wp","href":"https:\/\/api.w.org\/{rel}","templated":true}]}}