{"id":43404,"date":"2019-06-29T13:45:00","date_gmt":"2019-06-29T17:45:00","guid":{"rendered":"https:\/\/linitiative.ca\/International\/ain-temouchent-25-kg-de-kif-traite-rejetes-par-la-mer-a-oulhaca\/"},"modified":"2019-06-29T13:45:00","modified_gmt":"2019-06-29T17:45:00","slug":"ain-temouchent-25-kg-de-kif-traite-rejetes-par-la-mer-a-oulhaca","status":"publish","type":"post","link":"https:\/\/linitiative.ca\/International\/ain-temouchent-25-kg-de-kif-traite-rejetes-par-la-mer-a-oulhaca\/","title":{"rendered":"AIN TEMOUCHENT : 25 kg de kif trait\u00e9 rejet\u00e9s par la mer \u00e0 Oulha\u00e7a"},"content":{"rendered":"<p><br id=\"sep_para_1\" class=\"sep_para access\"\/><\/p>\n<div id=\"para_1\" class=\"para_31933212 resize\">\n<div class=\"texte access firstletter\">Selon une source cr\u00e9dible, les \u00e9l\u00e9ments des gardes cotes relevant du groupement de B\u00e9ni-Saf\u00a0 ont , \u00e0 l\u2019issue d\u2019une patrouille de routine, r\u00e9ussi \u00e0 d\u00e9couvrir une quantit\u00e9 de kif trait\u00e9 d\u2019un poids de 25 kilogrammes,\u00a0 flottant sur l\u2019eau en forme de colis minutieusement envelopp\u00e9s dans du plastique \u00e0 quatre miles marins au nord de la plage de Oulhaca dans la wilaya de Ain Temouchent.\u00a0 Les gardes cotes ont remis le kif d\u00e9couvert aux autorit\u00e9s comp\u00e9tentes afin d\u2019\u00e9viter qu\u2019il ne tombe entre les mains des narcotrafiquants locaux, qui multiplient\u00a0 plusieurs\u00a0\u00a0 visites\u00a0 durant cette p\u00e9riode estivale\u00a0\u00a0 sur les zones rocheuses de la r\u00e9gion.\u00a0\u00a0\u00a0\u00a0\u00a0\u00a0\u00a0\u00a0<\/div>\n<\/div>\n<p>Auteur: H.Bouna<br \/>\n<a href=\"https:\/\/www.reflexiondz.net\/AIN-TEMOUCHENT-25-kg-de-kif-traite-rejetes-par-la-mer-a-Oulhaca_a56329.html\">Cliquez ici pour lire l&rsquo;article depuis sa source.<\/a><\/p>\n","protected":false},"excerpt":{"rendered":"<p>Selon une source cr\u00e9dible, les \u00e9l\u00e9ments des gardes cotes relevant du groupement de B\u00e9ni-Saf\u00a0 ont , \u00e0 l\u2019issue d\u2019une patrouille de routine, r\u00e9ussi \u00e0 d\u00e9couvrir une quantit\u00e9 de kif trait\u00e9 d\u2019un poids de 25 kilogrammes,\u00a0 flottant sur l\u2019eau en forme de colis minutieusement envelopp\u00e9s dans du plastique \u00e0 quatre miles marins au nord de la [&hellip;]<\/p>\n","protected":false},"author":1740,"featured_media":0,"comment_status":"closed","ping_status":"closed","sticky":false,"template":"","format":"standard","meta":{"fifu_image_url":"","fifu_image_alt":"","footnotes":""},"categories":[53,76],"tags":[],"class_list":["post-43404","post","type-post","status-publish","format-standard","hentry","category-algerie","category-regions"],"_links":{"self":[{"href":"https:\/\/linitiative.ca\/International\/wp-json\/wp\/v2\/posts\/43404","targetHints":{"allow":["GET"]}}],"collection":[{"href":"https:\/\/linitiative.ca\/International\/wp-json\/wp\/v2\/posts"}],"about":[{"href":"https:\/\/linitiative.ca\/International\/wp-json\/wp\/v2\/types\/post"}],"author":[{"embeddable":true,"href":"https:\/\/linitiative.ca\/International\/wp-json\/wp\/v2\/users\/1740"}],"replies":[{"embeddable":true,"href":"https:\/\/linitiative.ca\/International\/wp-json\/wp\/v2\/comments?post=43404"}],"version-history":[{"count":0,"href":"https:\/\/linitiative.ca\/International\/wp-json\/wp\/v2\/posts\/43404\/revisions"}],"wp:attachment":[{"href":"https:\/\/linitiative.ca\/International\/wp-json\/wp\/v2\/media?parent=43404"}],"wp:term":[{"taxonomy":"category","embeddable":true,"href":"https:\/\/linitiative.ca\/International\/wp-json\/wp\/v2\/categories?post=43404"},{"taxonomy":"post_tag","embeddable":true,"href":"https:\/\/linitiative.ca\/International\/wp-json\/wp\/v2\/tags?post=43404"}],"curies":[{"name":"wp","href":"https:\/\/api.w.org\/{rel}","templated":true}]}}