{"id":43420,"date":"2019-06-29T13:04:32","date_gmt":"2019-06-29T17:04:32","guid":{"rendered":"https:\/\/linitiative.ca\/International\/erdogan-menace-haftar-si-des-cibles-turques-sont-attaquees-en-libye\/"},"modified":"2019-06-29T13:04:32","modified_gmt":"2019-06-29T17:04:32","slug":"erdogan-menace-haftar-si-des-cibles-turques-sont-attaquees-en-libye","status":"publish","type":"post","link":"https:\/\/linitiative.ca\/International\/erdogan-menace-haftar-si-des-cibles-turques-sont-attaquees-en-libye\/","title":{"rendered":"Erdogan menace Haftar si des cibles turques sont attaqu\u00e9es en Libye"},"content":{"rendered":"<div class=\"post-cont-in left relative\">\n<div class=\"swp_social_panel swp_horizontal_panel swp_flat_fresh swp_default_full_color swp_individual_full_color swp_other_full_color scale-100 scale-\" data-min-width=\"1100\" data-float-color=\"#ffffff\" data-float=\"none\" data-float-mobile=\"none\" data-transition=\"slide\">\n<div class=\"nc_tweetContainer swp_share_button total_shares total_sharesalt\"><span class=\"swp_count\">223 <span class=\"swp_label\">Partages<\/span><\/span><\/div>\n<\/div>\n<p>Depuis Osaka o\u00f9 il participe au sommet du G20, le pr\u00e9sident turc, Erdogan a menac\u00e9 le g\u00e9n\u00e9ral Khalifa Haftar, commandant de l\u2019arm\u00e9e libyenne de r\u00e9agir, si jamais des cibles turques \u00e9taient attaqu\u00e9es en Libye.<\/p>\n<p>Erdogan a pr\u00e9cis\u00e9 qu\u2019il n\u2019\u00e9tait pas encore s\u00fbr de la source des ordres de tirer sur toute cible turque, en Libye et que s\u2019il s\u2019av\u00e9rait que c\u2019\u00e9tait le \u00ab\u00a0g\u00e9n\u00e9ral \u00e0 la retraite\u00a0\u00bb, il allait prendre \u00ab\u00a0les dispositions qu\u2019il faudra\u00a0\u00bb.<\/p>\n<div class=\"code-block code-block-1 c3\"><ins class=\"adsbygoogle c2\" data-ad-layout=\"in-article\" data-ad-format=\"fluid\" data-ad-client=\"ca-pub-2102118777505746\" data-ad-slot=\"7301775417\"\/> <\/div>\n<p>Pour rappel, le porte parole de l\u2019arm\u00e9e libyenne a annonc\u00e9 que l\u2019arm\u00e9e avait abattu un dr\u00f4ne offensif turc qui survolait ses positions dans la r\u00e9gion de l\u2019a\u00e9roport de Tripoli. Le porte-parole a ajout\u00e9 que <a href=\"https:\/\/www.tunisienumerique.com\/libye-haftar-ordonne-de-cibler-les-navires-et-interets-de-la-turquie\/\">des ordres ont \u00e9t\u00e9 donn\u00e9s pour attaquer tout objectif turc<\/a> qui s\u2019approcherait du territoire libyen, par les airs et par la mer.<\/p>\n<div class=\"mvp-org-wrap mvp-org-logo\" itemprop=\"publisher\" itemscope=\"\" itemtype=\"https:\/\/schema.org\/Organization\"><img decoding=\"async\" src=\"https:\/\/www.tunisienumerique.com\/wp-content\/uploads\/2017\/02\/logo_tunisie_numerique.png\"\/><\/div>\n<div class=\"swp_social_panel swp_horizontal_panel swp_flat_fresh swp_default_full_color swp_individual_full_color swp_other_full_color scale-100 scale-\" data-min-width=\"1100\" data-float-color=\"#ffffff\" data-float=\"none\" data-float-mobile=\"none\" data-transition=\"slide\">\n<div class=\"nc_tweetContainer swp_share_button total_shares total_sharesalt\"><span class=\"swp_count\">223 <span class=\"swp_label\">Partages<\/span><\/span><\/div>\n<\/div>\n<div class=\"mvp-related-posts left relative\">\n<h4 class=\"post-header\"><span class=\"post-header\">Lire aussi<\/span><\/h4>\n<\/div>\n<\/div>\n<p>Auteur: LM<br \/>\n<a href=\"https:\/\/www.tunisienumerique.com\/erdogan-menace-haftar-si-des-cibles-turques-sont-attaquees-en-libye\/\">Cliquez ici pour lire l&rsquo;article depuis sa source.<\/a><\/p>\n","protected":false},"excerpt":{"rendered":"<p>223 Partages Depuis Osaka o\u00f9 il participe au sommet du G20, le pr\u00e9sident turc, Erdogan a menac\u00e9 le g\u00e9n\u00e9ral Khalifa Haftar, commandant de l\u2019arm\u00e9e libyenne de r\u00e9agir, si jamais des cibles turques \u00e9taient attaqu\u00e9es en Libye. Erdogan a pr\u00e9cis\u00e9 qu\u2019il n\u2019\u00e9tait pas encore s\u00fbr de la source des ordres de tirer sur toute cible turque, [&hellip;]<\/p>\n","protected":false},"author":1789,"featured_media":43421,"comment_status":"closed","ping_status":"closed","sticky":false,"template":"","format":"standard","meta":{"fifu_image_url":"","fifu_image_alt":"","footnotes":""},"categories":[73,55],"tags":[],"class_list":["post-43420","post","type-post","status-publish","format-standard","has-post-thumbnail","hentry","category-actualite","category-tunisie"],"_links":{"self":[{"href":"https:\/\/linitiative.ca\/International\/wp-json\/wp\/v2\/posts\/43420","targetHints":{"allow":["GET"]}}],"collection":[{"href":"https:\/\/linitiative.ca\/International\/wp-json\/wp\/v2\/posts"}],"about":[{"href":"https:\/\/linitiative.ca\/International\/wp-json\/wp\/v2\/types\/post"}],"author":[{"embeddable":true,"href":"https:\/\/linitiative.ca\/International\/wp-json\/wp\/v2\/users\/1789"}],"replies":[{"embeddable":true,"href":"https:\/\/linitiative.ca\/International\/wp-json\/wp\/v2\/comments?post=43420"}],"version-history":[{"count":0,"href":"https:\/\/linitiative.ca\/International\/wp-json\/wp\/v2\/posts\/43420\/revisions"}],"wp:featuredmedia":[{"embeddable":true,"href":"https:\/\/linitiative.ca\/International\/wp-json\/"}],"wp:attachment":[{"href":"https:\/\/linitiative.ca\/International\/wp-json\/wp\/v2\/media?parent=43420"}],"wp:term":[{"taxonomy":"category","embeddable":true,"href":"https:\/\/linitiative.ca\/International\/wp-json\/wp\/v2\/categories?post=43420"},{"taxonomy":"post_tag","embeddable":true,"href":"https:\/\/linitiative.ca\/International\/wp-json\/wp\/v2\/tags?post=43420"}],"curies":[{"name":"wp","href":"https:\/\/api.w.org\/{rel}","templated":true}]}}