{"id":43424,"date":"2019-06-29T13:26:35","date_gmt":"2019-06-29T17:26:35","guid":{"rendered":"https:\/\/linitiative.ca\/International\/tunisie-letat-met-en-vente-la-maison-alpha-ford\/"},"modified":"2019-06-29T13:26:35","modified_gmt":"2019-06-29T17:26:35","slug":"tunisie-letat-met-en-vente-la-maison-alpha-ford","status":"publish","type":"post","link":"https:\/\/linitiative.ca\/International\/tunisie-letat-met-en-vente-la-maison-alpha-ford\/","title":{"rendered":"Tunisie \u2013 L\u2019Etat met en vente la maison \u00ab\u00a0Alpha Ford\u00a0\u00bb"},"content":{"rendered":"<div class=\"post-cont-in left relative\">\n<div class=\"swp_social_panel swp_horizontal_panel swp_flat_fresh swp_default_full_color swp_individual_full_color swp_other_full_color scale-100 scale-\" data-min-width=\"1100\" data-float-color=\"#ffffff\" data-float=\"none\" data-float-mobile=\"none\" data-transition=\"slide\">\n<div class=\"nc_tweetContainer swp_share_button total_shares total_sharesalt\"><span class=\"swp_count\">50 <span class=\"swp_label\">Partages<\/span><\/span><\/div>\n<\/div>\n<p>Le groupe Al Karama Holding a annonc\u00e9, hier vendredi, son intention de mettre en vente, les parts d\u00e9tenues par l\u2019Etat dans la soci\u00e9t\u00e9 Alpha Ford, soit 100% du capital de la soci\u00e9t\u00e9 confisqu\u00e9e \u00e0 Belhassen Trablesi.<\/p>\n<div class=\"mvp-org-wrap mvp-org-logo\" itemprop=\"publisher\" itemscope=\"\" itemtype=\"https:\/\/schema.org\/Organization\"><img decoding=\"async\" src=\"https:\/\/www.tunisienumerique.com\/wp-content\/uploads\/2017\/02\/logo_tunisie_numerique.png\"\/><\/div>\n<div class=\"swp_social_panel swp_horizontal_panel swp_flat_fresh swp_default_full_color swp_individual_full_color swp_other_full_color scale-100 scale-\" data-min-width=\"1100\" data-float-color=\"#ffffff\" data-float=\"none\" data-float-mobile=\"none\" data-transition=\"slide\">\n<div class=\"nc_tweetContainer swp_share_button total_shares total_sharesalt\"><span class=\"swp_count\">50 <span class=\"swp_label\">Partages<\/span><\/span><\/div>\n<\/div>\n<div class=\"mvp-related-posts left relative\">\n<h4 class=\"post-header\"><span class=\"post-header\">Lire aussi<\/span><\/h4>\n<\/div>\n<\/div>\n<p>Auteur: LM<br \/>\n<a href=\"https:\/\/www.tunisienumerique.com\/tunisie-letat-met-en-vente-la-maison-alpha-ford\/\">Cliquez ici pour lire l&rsquo;article depuis sa source.<\/a><\/p>\n","protected":false},"excerpt":{"rendered":"<p>50 Partages Le groupe Al Karama Holding a annonc\u00e9, hier vendredi, son intention de mettre en vente, les parts d\u00e9tenues par l\u2019Etat dans la soci\u00e9t\u00e9 Alpha Ford, soit 100% du capital de la soci\u00e9t\u00e9 confisqu\u00e9e \u00e0 Belhassen Trablesi. 50 Partages Lire aussi Auteur: LM Cliquez ici pour lire l&rsquo;article depuis sa source.<\/p>\n","protected":false},"author":1789,"featured_media":43425,"comment_status":"closed","ping_status":"closed","sticky":false,"template":"","format":"standard","meta":{"fifu_image_url":"","fifu_image_alt":"","footnotes":""},"categories":[73,55],"tags":[],"class_list":["post-43424","post","type-post","status-publish","format-standard","has-post-thumbnail","hentry","category-actualite","category-tunisie"],"_links":{"self":[{"href":"https:\/\/linitiative.ca\/International\/wp-json\/wp\/v2\/posts\/43424","targetHints":{"allow":["GET"]}}],"collection":[{"href":"https:\/\/linitiative.ca\/International\/wp-json\/wp\/v2\/posts"}],"about":[{"href":"https:\/\/linitiative.ca\/International\/wp-json\/wp\/v2\/types\/post"}],"author":[{"embeddable":true,"href":"https:\/\/linitiative.ca\/International\/wp-json\/wp\/v2\/users\/1789"}],"replies":[{"embeddable":true,"href":"https:\/\/linitiative.ca\/International\/wp-json\/wp\/v2\/comments?post=43424"}],"version-history":[{"count":0,"href":"https:\/\/linitiative.ca\/International\/wp-json\/wp\/v2\/posts\/43424\/revisions"}],"wp:featuredmedia":[{"embeddable":true,"href":"https:\/\/linitiative.ca\/International\/wp-json\/"}],"wp:attachment":[{"href":"https:\/\/linitiative.ca\/International\/wp-json\/wp\/v2\/media?parent=43424"}],"wp:term":[{"taxonomy":"category","embeddable":true,"href":"https:\/\/linitiative.ca\/International\/wp-json\/wp\/v2\/categories?post=43424"},{"taxonomy":"post_tag","embeddable":true,"href":"https:\/\/linitiative.ca\/International\/wp-json\/wp\/v2\/tags?post=43424"}],"curies":[{"name":"wp","href":"https:\/\/api.w.org\/{rel}","templated":true}]}}