{"id":43785,"date":"2019-07-01T14:04:58","date_gmt":"2019-07-01T18:04:58","guid":{"rendered":"https:\/\/linitiative.ca\/International\/can-2019-les-lions-de-latlas-terminent-premiers\/"},"modified":"2019-07-01T14:04:58","modified_gmt":"2019-07-01T18:04:58","slug":"can-2019-les-lions-de-latlas-terminent-premiers","status":"publish","type":"post","link":"https:\/\/linitiative.ca\/International\/can-2019-les-lions-de-latlas-terminent-premiers\/","title":{"rendered":"CAN 2019 : Les Lions de l\u2019Atlas terminent premiers"},"content":{"rendered":"<p><strong>Le Maroc s\u2019est impos\u00e9 (1-0) face \u00e0 l\u2019Afrique du Sud, ce lundi 1er juillet, sur la pelouse du stade Al Salam, en match comptant pour la troisi\u00e8me et derni\u00e8re journ\u00e9e (groupe D) de la phase de poules de la CAN 2019.<\/strong><\/p>\n<div class=\"c10\"\/>\n<p>Les Lions de l\u2019Atlas l\u2019ont emport\u00e9 face aux <strong>Bafana Bafana<\/strong> de l\u2019Afrique du Sud \u00e0 l\u2019issue d\u2019un match peu rythm\u00e9, gr\u00e2ce \u00e0 l\u2019unique but qui a \u00e9t\u00e9 marqu\u00e9 par Mbark Boussoufa \u00e0 la 90e minute de jeu.<\/p>\n<p>\u00ab\u00a0C\u2019est une victoire importante, \u00e7a nous met en confiance. On \u00e9tait unis. Si on avait perdu, on aurait pu finir 2e ou 3e. L\u2019Afrique du sud a \u00e9galement une bonne \u00e9quipe. La premi\u00e8re mi-temps \u00e9tait difficile mais on a bien g\u00e9r\u00e9 la seconde p\u00e9riode\u00a0\u00bb, a d\u00e9clar\u00e9 <strong>Mbark Boussoufa<\/strong> dans une interview accord\u00e9e \u00e0 beIN Sports.<\/p>\n<p>Et d\u2019ajouter: \u201cRien n\u2019est gagn\u00e9, on ne peut pas pr\u00e9voir le r\u00e9sultat du prochain match. On doit garder les pieds sur terre et se concentrer pour gagner\u201d. Les hommes d\u2019<strong>Herv\u00e9 Renard<\/strong> se qualifient ainsi pour les huiti\u00e8mes de finale, en occupant la t\u00eate de leur groupe avec 9 points, une premi\u00e8re pour les Marocains en coupe d\u2019Afrique des Nations.<\/p>\n<blockquote class=\"instagram-media c38\" data-instgrm-captioned=\"\" data-instgrm-permalink=\"https:\/\/www.instagram.com\/p\/BzYmFfgFF6l\/\" data-instgrm-version=\"12\">\n<\/blockquote>\n<p>Mission accomplie \u00e9galement pour les <strong>El\u00e9phants de la C\u00f4te d\u2019Ivoire<\/strong> qui se sont impos\u00e9s face \u00e0 la Namibie (4-1) pour leur dernier match de la phase de groupes. Max-Alain Gradel, Serey Die, Wilfried Zaha et Maxwell Cornet ont marqu\u00e9 les buts de la rencontre alors que Joslin Kamatuka a sauv\u00e9 l\u2019honneur pour la Namibie. Les hommes d\u2019Ibrahima Kamara sont deuxi\u00e8me de leur poule derri\u00e8re le Maroc.<\/p>\n<div class=\"c45\">\n<fieldset class=\"c44\">\n<legend><strong><span class=\"c39\">Challenge<\/span><span class=\"c40\">news<\/span><\/strong><\/legend>\n<div class=\"c43\">Le meilleur de la r\u00e9daction s\u00e9lectionn\u00e9 par Challenge :<\/p>\n<\/div>\n<\/fieldset>\n<\/div>\n<p>Auteur: Hajar DARI<br \/>\n<a href=\"https:\/\/www.challenge.ma\/can-2019-les-lions-de-latlas-terminent-premiers-111780\/\">Cliquez ici pour lire l&rsquo;article depuis sa source.<\/a><\/p>\n","protected":false},"excerpt":{"rendered":"<p>Le Maroc s\u2019est impos\u00e9 (1-0) face \u00e0 l\u2019Afrique du Sud, ce lundi 1er juillet, sur la pelouse du stade Al Salam, en match comptant pour la troisi\u00e8me et derni\u00e8re journ\u00e9e (groupe D) de la phase de poules de la CAN 2019. Les Lions de l\u2019Atlas l\u2019ont emport\u00e9 face aux Bafana Bafana de l\u2019Afrique du Sud [&hellip;]<\/p>\n","protected":false},"author":1787,"featured_media":0,"comment_status":"closed","ping_status":"closed","sticky":false,"template":"","format":"standard","meta":{"fifu_image_url":"","fifu_image_alt":"","footnotes":""},"categories":[78,54],"tags":[],"class_list":["post-43785","post","type-post","status-publish","format-standard","hentry","category-economie","category-maroc"],"_links":{"self":[{"href":"https:\/\/linitiative.ca\/International\/wp-json\/wp\/v2\/posts\/43785","targetHints":{"allow":["GET"]}}],"collection":[{"href":"https:\/\/linitiative.ca\/International\/wp-json\/wp\/v2\/posts"}],"about":[{"href":"https:\/\/linitiative.ca\/International\/wp-json\/wp\/v2\/types\/post"}],"author":[{"embeddable":true,"href":"https:\/\/linitiative.ca\/International\/wp-json\/wp\/v2\/users\/1787"}],"replies":[{"embeddable":true,"href":"https:\/\/linitiative.ca\/International\/wp-json\/wp\/v2\/comments?post=43785"}],"version-history":[{"count":0,"href":"https:\/\/linitiative.ca\/International\/wp-json\/wp\/v2\/posts\/43785\/revisions"}],"wp:attachment":[{"href":"https:\/\/linitiative.ca\/International\/wp-json\/wp\/v2\/media?parent=43785"}],"wp:term":[{"taxonomy":"category","embeddable":true,"href":"https:\/\/linitiative.ca\/International\/wp-json\/wp\/v2\/categories?post=43785"},{"taxonomy":"post_tag","embeddable":true,"href":"https:\/\/linitiative.ca\/International\/wp-json\/wp\/v2\/tags?post=43785"}],"curies":[{"name":"wp","href":"https:\/\/api.w.org\/{rel}","templated":true}]}}