{"id":43872,"date":"2019-07-02T12:08:58","date_gmt":"2019-07-02T16:08:58","guid":{"rendered":"https:\/\/linitiative.ca\/International\/plus-de-1-000-beneficiaires-dune-caravane-medicale\/"},"modified":"2019-07-02T12:08:58","modified_gmt":"2019-07-02T16:08:58","slug":"plus-de-1-000-beneficiaires-dune-caravane-medicale","status":"publish","type":"post","link":"https:\/\/linitiative.ca\/International\/plus-de-1-000-beneficiaires-dune-caravane-medicale\/","title":{"rendered":"Plus de 1.000 b\u00e9n\u00e9ficiaires d\u2019une caravane m\u00e9dicale"},"content":{"rendered":"<div class=\"single-featured\"><img alt=\"\" data-src=\"http:\/\/www.mapmarrakech.ma\/map\/uploads\/2019\/07\/caravanechichaoua-copier.jpg\"\/><\/div>\n<div class=\"single-post-excerpt post-excerpt-bc\" readability=\"37\">\n<p>Chichaoua \u2013 Quelque 1.190 personnes ont b\u00e9n\u00e9fici\u00e9 d\u2019une caravane m\u00e9dicale pluridisciplinaire organis\u00e9e, le weekend dernier, par la Fondation Mohammed V pour la Solidarit\u00e9 dans la commune Ouled Moumna, relevant de la province de Chichaoua.<\/p>\n<\/div>\n<div class=\"entry-content clearfix single-post-content\" readability=\"50\">\n<p>Initi\u00e9e en partenariat avec l\u2019association \u00ab\u00a0Ifoulki pour le d\u00e9veloppement durable\u00a0\u00bb, cette caravane m\u00e9dicale de deux jours a permis aux personnes cibl\u00e9es de b\u00e9n\u00e9ficier de 2.560 examens m\u00e9dicaux.<\/p>\n<p>Ces personnes, dont 580 femmes, ont ainsi b\u00e9n\u00e9fici\u00e9 de diff\u00e9rentes prestations m\u00e9dicales, dont des consultations et des analyses dans des diverses sp\u00e9cialit\u00e9s (gyn\u00e9cologie, cardiologie, ophtalmologie, m\u00e9decines dentaire et g\u00e9n\u00e9rale).<\/p>\n<p>La caravane a \u00e9t\u00e9 encadr\u00e9e par un staff m\u00e9dical compos\u00e9 de 21 m\u00e9decins, 10 infirmiers, un pharmacien et 5 techniciens.<\/p>\n<\/div>\n<p>Auteur: Meriem IGASS<br \/>\n<a href=\"http:\/\/www.mapmarrakech.ma\/fr\/quelque-1-190-personnes-beneficiaires-dune-caravane-medicale\/\">Cliquez ici pour lire l&rsquo;article depuis sa source.<\/a><\/p>\n","protected":false},"excerpt":{"rendered":"<p>Chichaoua \u2013 Quelque 1.190 personnes ont b\u00e9n\u00e9fici\u00e9 d\u2019une caravane m\u00e9dicale pluridisciplinaire organis\u00e9e, le weekend dernier, par la Fondation Mohammed V pour la Solidarit\u00e9 dans la commune Ouled Moumna, relevant de la province de Chichaoua. Initi\u00e9e en partenariat avec l\u2019association \u00ab\u00a0Ifoulki pour le d\u00e9veloppement durable\u00a0\u00bb, cette caravane m\u00e9dicale de deux jours a permis aux personnes cibl\u00e9es [&hellip;]<\/p>\n","protected":false},"author":1788,"featured_media":43873,"comment_status":"closed","ping_status":"closed","sticky":false,"template":"","format":"standard","meta":{"fifu_image_url":"","fifu_image_alt":"","footnotes":""},"categories":[54,76],"tags":[],"class_list":["post-43872","post","type-post","status-publish","format-standard","has-post-thumbnail","hentry","category-maroc","category-regions"],"_links":{"self":[{"href":"https:\/\/linitiative.ca\/International\/wp-json\/wp\/v2\/posts\/43872","targetHints":{"allow":["GET"]}}],"collection":[{"href":"https:\/\/linitiative.ca\/International\/wp-json\/wp\/v2\/posts"}],"about":[{"href":"https:\/\/linitiative.ca\/International\/wp-json\/wp\/v2\/types\/post"}],"author":[{"embeddable":true,"href":"https:\/\/linitiative.ca\/International\/wp-json\/wp\/v2\/users\/1788"}],"replies":[{"embeddable":true,"href":"https:\/\/linitiative.ca\/International\/wp-json\/wp\/v2\/comments?post=43872"}],"version-history":[{"count":0,"href":"https:\/\/linitiative.ca\/International\/wp-json\/wp\/v2\/posts\/43872\/revisions"}],"wp:featuredmedia":[{"embeddable":true,"href":"https:\/\/linitiative.ca\/International\/wp-json\/"}],"wp:attachment":[{"href":"https:\/\/linitiative.ca\/International\/wp-json\/wp\/v2\/media?parent=43872"}],"wp:term":[{"taxonomy":"category","embeddable":true,"href":"https:\/\/linitiative.ca\/International\/wp-json\/wp\/v2\/categories?post=43872"},{"taxonomy":"post_tag","embeddable":true,"href":"https:\/\/linitiative.ca\/International\/wp-json\/wp\/v2\/tags?post=43872"}],"curies":[{"name":"wp","href":"https:\/\/api.w.org\/{rel}","templated":true}]}}