{"id":43876,"date":"2019-07-02T13:27:17","date_gmt":"2019-07-02T17:27:17","guid":{"rendered":"https:\/\/linitiative.ca\/International\/les-etudiants-marchent-a-alger-pour-exiger-linstauration-dun-veritable-changement\/"},"modified":"2019-07-02T13:27:17","modified_gmt":"2019-07-02T17:27:17","slug":"les-etudiants-marchent-a-alger-pour-exiger-linstauration-dun-veritable-changement","status":"publish","type":"post","link":"https:\/\/linitiative.ca\/International\/les-etudiants-marchent-a-alger-pour-exiger-linstauration-dun-veritable-changement\/","title":{"rendered":"Les \u00e9tudiants marchent \u00e0 Alger pour exiger l&rsquo;instauration d&rsquo;un v\u00e9ritable changement"},"content":{"rendered":"<div>\n<div class=\"K2FeedImage\"><img decoding=\"async\" src=\"http:\/\/www.aps.dz\/media\/k2\/items\/cache\/956cd5c29bb705a2626bcafac00534d3_S.jpg\" alt=\"Les \u00e9tudiants marchent \u00e0 Alger pour exiger l'instauration d'un v\u00e9ritable changement\"><\/div>\n<div class=\"K2FeedIntroText\">\n<p>ALGER &#8211; Les \u00e9tudiants ont poursuivi, mardi, leur marche pacifique hebdomadaire \u00e0 Alger pour r\u00e9it\u00e9rer leurs revendications se rapportant notamment au d\u00e9part du syst\u00e8me et de ses symboles pour aboutir \u00e0 un v\u00e9ritable changement.<\/p>\n<\/div>\n<div class=\"K2FeedFullText\">\n<p>Parcourant les principales art\u00e8res menant vers les places de la Grande poste et Maurice Audin depuis la Place des Martyrs, les \u00e9tudiants n&rsquo;ont pas manqu\u00e9 \u00e0 leur habituelle marche pacifique r\u00e9it\u00e9rant le d\u00e9part de l&rsquo;ancien r\u00e9gime politique et de ses symboles pour aboutir \u00e0 un v\u00e9ritable changement.<\/p>\n<blockquote>\n<p><em><strong>Lors de cette marche co\u00efncidant avec la d\u00e9mission du Pr\u00e9sident de l&rsquo;Assembl\u00e9e populaire nationale (APN), Mouad Bouchareb, les \u00e9tudiants ont mis en avant l&rsquo;imp\u00e9ratif d\u00e9part du chef de l&rsquo;Etat et du Premier ministre, respectivement MM. Abdelkader Bensalah et Noureddine Bedoui, se f\u00e9licitant de cette d\u00e9mission,\u00a0\u00bbintervenue tr\u00e8s tard\u00a0\u00bb selon certains \u00e9tudiants rencontr\u00e9s par l&rsquo;APS.<\/strong><\/em><\/p>\n<\/blockquote>\n<p>Par ailleurs, les \u00e9tudiants se sont dit d\u00e9termin\u00e9s \u00e0 \u00ab\u00a0poursuivre leur marche hebdomadaire jusqu&rsquo;\u00e0 la r\u00e9alisation des revendications du Hirak populaire\u00a0\u00bb, affirmant leur disposition a participer massivement \u00e0 la marche du vendredi prochain, qui co\u00efncidera avec le double anniversaire de l&rsquo;ind\u00e9pendance et de la jeunesse.<\/p>\n<blockquote>\n<p><em><strong>R\u00e9it\u00e9rant l&rsquo;importance de continuer \u00e0 juger les corrompus et les dilapidateurs des deniers publics, les \u00e9tudiants ont mis l&rsquo;accent sur l&rsquo;imp\u00e9rative restitution de l&rsquo;argent du peuple pour permettre aux citoyens de regagner la confiance en sa patrie, scandant le slogan \u00ab\u00a0Pour une justice ind\u00e9pendante\u00a0\u00bb.<\/strong><\/em><\/p>\n<\/blockquote>\n<p>Les \u00e9tudiants ont mis en avant le caract\u00e8re pacifique de leur marche face au dispositif s\u00e9curitaire important d\u00e9ploy\u00e9 notamment au niveau de l&rsquo;entr\u00e9e du tunnel des facult\u00e9s, et des principaux points d&rsquo;acc\u00e8s d&rsquo;Asselah Hocine, de Zighoud Youcef ou encore de Hassiba Ben Bouali.<\/p>\n<\/div>\n<\/div>\n<p>Auteur:<br \/>\n<a href=\"http:\/\/www.aps.dz\/regions\/91353-les-etudiants-marchent-a-alger-pour-exiger-l-instauration-d-un-veritable-changement\">Cliquez ici pour lire l&rsquo;article depuis sa source.<\/a><\/p>\n","protected":false},"excerpt":{"rendered":"<p>ALGER &#8211; Les \u00e9tudiants ont poursuivi, mardi, leur marche pacifique hebdomadaire \u00e0 Alger pour r\u00e9it\u00e9rer leurs revendications se rapportant notamment au d\u00e9part du syst\u00e8me et de ses symboles pour aboutir \u00e0 un v\u00e9ritable changement. Parcourant les principales art\u00e8res menant vers les places de la Grande poste et Maurice Audin depuis la Place des Martyrs, les [&hellip;]<\/p>\n","protected":false},"author":1790,"featured_media":43877,"comment_status":"closed","ping_status":"closed","sticky":false,"template":"","format":"standard","meta":{"fifu_image_url":"","fifu_image_alt":"","footnotes":""},"categories":[53,76],"tags":[],"class_list":["post-43876","post","type-post","status-publish","format-standard","has-post-thumbnail","hentry","category-algerie","category-regions"],"_links":{"self":[{"href":"https:\/\/linitiative.ca\/International\/wp-json\/wp\/v2\/posts\/43876","targetHints":{"allow":["GET"]}}],"collection":[{"href":"https:\/\/linitiative.ca\/International\/wp-json\/wp\/v2\/posts"}],"about":[{"href":"https:\/\/linitiative.ca\/International\/wp-json\/wp\/v2\/types\/post"}],"author":[{"embeddable":true,"href":"https:\/\/linitiative.ca\/International\/wp-json\/wp\/v2\/users\/1790"}],"replies":[{"embeddable":true,"href":"https:\/\/linitiative.ca\/International\/wp-json\/wp\/v2\/comments?post=43876"}],"version-history":[{"count":0,"href":"https:\/\/linitiative.ca\/International\/wp-json\/wp\/v2\/posts\/43876\/revisions"}],"wp:featuredmedia":[{"embeddable":true,"href":"https:\/\/linitiative.ca\/International\/wp-json\/"}],"wp:attachment":[{"href":"https:\/\/linitiative.ca\/International\/wp-json\/wp\/v2\/media?parent=43876"}],"wp:term":[{"taxonomy":"category","embeddable":true,"href":"https:\/\/linitiative.ca\/International\/wp-json\/wp\/v2\/categories?post=43876"},{"taxonomy":"post_tag","embeddable":true,"href":"https:\/\/linitiative.ca\/International\/wp-json\/wp\/v2\/tags?post=43876"}],"curies":[{"name":"wp","href":"https:\/\/api.w.org\/{rel}","templated":true}]}}