{"id":43902,"date":"2019-07-02T15:14:00","date_gmt":"2019-07-02T19:14:00","guid":{"rendered":"https:\/\/linitiative.ca\/International\/ligue-1-2-mca-le-zamalek-veut-concurrencer-ahly-pour-dieng\/"},"modified":"2019-07-02T15:14:00","modified_gmt":"2019-07-02T19:14:00","slug":"ligue-1-2-mca-le-zamalek-veut-concurrencer-ahly-pour-dieng","status":"publish","type":"post","link":"https:\/\/linitiative.ca\/International\/ligue-1-2-mca-le-zamalek-veut-concurrencer-ahly-pour-dieng\/","title":{"rendered":"Ligue 1 &amp; 2 : MCA: Le Zamalek veut concurrencer Ahly pour Dieng"},"content":{"rendered":"<div readability=\"32\">\n<p>Auteur : <span>T.Che<\/span> <span class=\"time\">mardi 02 juillet 2019 13:56<\/span><\/p>\n<\/div>\n<div id=\"post_core\" readability=\"104\">\n<p>En marge de la CAN, plusieurs journalistes \u00e9gyptiens ont sollicit\u00e9 les envoy\u00e9s sp\u00e9ciaux du Buteur et d\u2019El Heddaf pour \u00e9voquer le cas Aliou Dieng qui fait parler beaucoup de lui au pays des Pharaons. On savait que le grand Ahly avait discut\u00e9 de Dieng avec Hir\u00e8che, le pr\u00e9sident du CA, lorsqu\u2019il avait assist\u00e9 au match des Verts face au Kenya. Et voil\u00e0 maintenant qu\u2019on vient d\u2019apprendre que le Zamalek vient de rentrer dans la course afin de concurrencer son \u00e9ternel rival. En Egypte, on s\u2019arrache Dieng et les deux clubs les plus titr\u00e9s au niveau continental veulent enr\u00f4ler le joueur malien dont son d\u00e9part du Mouloudia devient plus qu\u2019une \u00e9vidence face aux nombreuses sollicitations. Les journalistes \u00e9gyptiens parlent beaucoup ces derniers jours du milieu de terrain, Aliou Dieng. D\u2019ailleurs, la majorit\u00e9 des m\u00e9dias ont encens\u00e9 le gladiateur qui a \u00e9t\u00e9 rep\u00e9r\u00e9 bien \u00e9videmment lors de la Coupe arabe et lors de la Ligue des champions.\u00a0\u00a0\u00a0 \u00a0<br \/><strong>Ghrib : \u00abOui, Ahly nous a contact\u00e9s en faisant une proposition concernant Dieng\u00bb\u00a0 \u00a0<\/strong><br \/>Concernant l\u2019int\u00e9r\u00eat que le club cairote du Ahly porte \u00e0 Dieng, Omar Ghrib s\u2019est exprim\u00e9 \u00e0 ce sujet en r\u00e9pondant aux propos relay\u00e9s dans les m\u00e9dias \u00e9gyptiens : \u00abC\u2019est vrai, je le confirme. Le club du Ahly s\u2019est manifest\u00e9 derni\u00e8rement en prenant attache avec nous pour nous faire une proposition concernant Dieng avec l\u2019objectif de le recruter durant cet \u00e9t\u00e9.\u00bb<br \/><strong>\u00abOn a signifi\u00e9 au club \u00e9gyptien que la proposition ne r\u00e9pondait pas \u00e0 nos attentes\u00bb<\/strong><br \/>\u00abBien \u00e9videmment lorsqu\u2019on est sollicit\u00e9s par un aussi grand club, on se doit de r\u00e9pondre. On a donc signifi\u00e9 \u00e0 travers une correspondance au Ahly que la proposition qui a \u00e9t\u00e9 faite ne r\u00e9pondait pas \u00e0 nos attentes et \u00e0 nos esp\u00e9rances\u00bb, a lanc\u00e9 le directeur g\u00e9n\u00e9ral.\u00a0\u00a0 \u00a0<br \/><strong>\u00abNous avons fait une contreproposition et on attend la r\u00e9ponse\u00bb<\/strong><br \/>Avant de conclure, Ghrib affirme qu\u2019il a fait une contreproposition au club cairote mais sans recevoir pour l\u2019instant une r\u00e9ponse. \u00abLe club \u00e9gyptien nous a demand\u00e9 de fixer nos exigences. Nous avons fait donc une contreproposition et on attend la r\u00e9ponse du Ahly. Pour l\u2019instant, il n\u2019y a rien de nouveau\u00bb, a conclu le DG.\u00a0 \u00a0<br \/>\u00a0<\/p>\n<p><strong>Allati \u00ab C\u2019est un r\u00e9gal de jouer avec Djabou et je me sens \u00e0 l\u2019aise au poste d\u2019arri\u00e8re droit \u00bb<\/strong><\/p>\n<p>L\u2019arri\u00e8re droit, Walid Allati, \u00e9voque dans cet entretien la reprise et ce moment de partage qu\u2019il vivra ce mercredi avec les supporters lors de la reprise des entra\u00eenements.<\/p>\n<p><strong>Est-ce que vous suivez l\u2019actualit\u00e9 de votre nouveau club ?<\/strong><br \/>Bien \u00e9videmment. Il y a eu mon partenaire du NAHD, Brahimi, Boutaga et Djabou. Il faut savoir qu\u2019apr\u00e8s ma signature, j\u2019ai eu droit aux f\u00e9licitations des cadres. D\u2019ailleurs, je connais la majorit\u00e9 des joueurs de l\u2019\u00e9quipe.<br \/><strong>Un mot sur le recrutement qui a \u00e9t\u00e9 fait\u2026<\/strong><br \/>La direction et le staff technique connaissent leur travail et ce qu\u2019il faut \u00e0 l\u2019\u00e9quipe. Et puis, un joueur comme Djabou on n\u2019a pas besoin de le pr\u00e9senter. C\u2019est un \u00e9l\u00e9ment exp\u00e9riment\u00e9 que chaque club souhaite avoir dans son effectif. Brahimi, je connais bien. C\u2019est un joueur avec un \u00e9norme potentiel tout comme Boutaga.<br \/><strong>Est-ce que le Mouloudia a les moyens de jouer \u00e0 fond sur tous les fronts ?<\/strong><br \/>Le Mouloudia poss\u00e8de le meilleur effectif du championnat. Il est donc logique de jouer sur tous les fronts. On a envie d\u2019offrir un titre aux supporters. Et puis, si je suis venu au club, c\u2019est pour gagner des troph\u00e9es. On se donnera \u00e0 fond que ce soit en championnat, la Coupe d\u2019Alg\u00e9rie ou la Coupe arabe.<br \/><strong>Concernant la Coupe arabe, vous avez d\u00e9j\u00e0 une exp\u00e9rience dans cette comp\u00e9tition acquise avec le Nasria\u2026<\/strong><br \/>Effectivement. J\u2019ai disput\u00e9 douze rencontres en Coupe arabe avec le NAHD. Il est certain que je ferai tout pour qu\u2019on aille le plus loin possible dans cette comp\u00e9tition.<br \/><strong>M\u00eame si vous n\u2019avez pas d\u00e9j\u00e0 travaill\u00e9 avec Casoni, on imagine que vous avez\u00a0 eu des \u00e9chos ?<\/strong><br \/>De l\u2019aveu de tout le monde, le Mouloudia pratiquait le meilleur football avec Casoni. Et puis je n\u2019ai eu que des \u00e9chos positifs. Je suis tr\u00e8s excit\u00e9 \u00e0 l\u2019id\u00e9e de travailler avec lui. Et puis, si on veut obtenir de tr\u00e8s bons r\u00e9sultats, il faut que tous on se serre les coudes.<br \/><strong>Est-ce que vous ressentez une certaine pression car on attend beaucoup de vous la saison prochaine ?<\/strong><br \/>Je ne ressens aucune pression. Bien au contraire, je sais ce qu\u2019on attend de moi. Je suis venu dans un tr\u00e8s grand club avec une large base populaire. Tout le monde r\u00eave de jouer devant 60000 supporters. Ce soutien doit nous porter et non pas nous briser.<br \/><strong>Etant un joueur polyvalent. Dans quel registre vous sentez-vous le mieux ?<\/strong><br \/>Je serai \u00e0 la disposition du staff technique mais je me sens \u00e0 l\u2019aise au poste de lat\u00e9ral droit.<br \/><strong>La concurrence s\u2019annonce rude car Hachoud \u00e9volue dans le m\u00eame registre que vous ?<\/strong><br \/>On m\u2019a pos\u00e9 cette question apr\u00e8s la signature de mon contrat. J\u2019avais alors d\u00e9clar\u00e9 que la concurrence \u00e9tait une tr\u00e8s bonne chose pour chaque joueur et pour l\u2019\u00e9quipe. Il ne faut pas se focaliser sur cette concurrence car le plus important, c\u2019est que celui qui sera align\u00e9 donnera tout pour que l\u2019\u00e9quipe gagne. Je n\u2019ai pas jou\u00e9 avec lui, mais je sais qu\u2019il aide beaucoup les nouvelles recrues. Au-del\u00e0 de son statut de capitaine, c\u2019est un fils de bonne famille qui aime son m\u00e9tier.<br \/>\u00a0<\/p>\n<p><strong>Da\u00e2s devrait rencontrer Ghrib afin de r\u00e9clamer sa lettre de lib\u00e9ration<\/strong><br \/>Face \u00e0 cette volont\u00e9 du Mouloudia de pr\u00eater Said Da\u00e2s \u00e0 Magra, le nouveau promu, Said Da\u00e2s, voudrait plut\u00f4t rejoindre le club de son choix. Pr\u00e9dispos\u00e9 \u00e0 partir vers d\u2019autres cieux surtout que le club entend recruter un autre portier, Said Da\u00e2s devrait rencontrer Omar Ghrib dans 48 h dans le but de r\u00e9clamer sa lettre de lib\u00e9ration. Encore sous contrat jusqu\u2019en 2023, l\u2019international olympique veut d\u00e9cider lui-m\u00eame de son avenir sans qu\u2019on lui impose une \u00e9quipe. Tout devrait donc se d\u00e9cider ce jeudi lors de la reprise des entra\u00eenements au stade du 5-Juillet.\u00a0 \u00a0<br \/><strong>Amrani le veut, le Chabab Belouizdad la piste la plus plausible<\/strong><br \/>Abdelkader Amrani veut faire venir Said Da\u00e2s, lui qui n\u2019h\u00e9site jamais \u00e0 donner la chance aux jeunes talents. Aussi, l\u2019international olympique serait s\u00e9duit par l\u2019id\u00e9e de rejoindre les rangs des r\u00e9cents vainqueurs de la Coupe d\u2019Alg\u00e9rie mais \u00e0 condition d\u2019obtenir la lettre de lib\u00e9ration.<br \/><strong>Il veut choisir l\u2019\u00e9quipe o\u00f9 il sera pr\u00eat\u00e9<\/strong><br \/>Dans le cas o\u00f9 le Mouloudia refuserait de c\u00e9der son international olympique, Said voudrait alors d\u00e9cider en choisissant le club au sein duquel il \u00e9voluera sous forme de pr\u00eat. C\u2019est la seconde option qui s\u2019offrira \u00e0 Da\u00e2s, lui qui est encore sous contrat jusqu\u2019en 2023.<br \/><strong>Le NAHD, l\u2019ASAM, l\u2019ASO, le RCA et le WAT le veulent aussi\u2026<\/strong><br \/>Il n\u2019y a pas que Magra et le CRB qui veulent Da\u00e2s. D\u2019autres clubs de l\u2019\u00e9lite \u00e0 l\u2019image du NAHD, l\u2019ASAM, l\u2019ASO, le RCA et le WAT se sont manifest\u00e9s pour tenter de faire venir le jeune talent. Ce n\u2019est donc pas les propositions qui manquent \u00e0 Da\u00e2s qui d\u00e9cidera ce jeudi de son avenir qui s\u2019inscrit plus que jamais en pointill\u00e9s au Mouloudia.<br \/><strong>Il se trouve depuis hier avec l\u2019EN U-23 \u00e0 Sidi Moussa jusqu\u2019\u00e0 jeudi<\/strong><br \/>Ayant eu droit \u00e0 un petit break, Said Da\u00e2s a r\u00e9int\u00e9gr\u00e9 hier apr\u00e8s-midi le CTN de Sidi Moussa pour le stage de l\u2019EN olympique. Un regroupement qui rentre dans sa deuxi\u00e8me phase et qui s\u2019\u00e9talera jusqu\u2019au jeudi 4 juillet. \u00a0<br \/>\u00a0<\/p>\n<p><strong>Publi\u00e9 dans :<\/strong> <span>mca<\/span> <span>Ghrib<\/span> <span>Djabou<\/span> <span>Ahly<\/span> <span>Allati<\/span><\/p>\n<\/div>\n<p>Auteur:<br \/>\n<a href=\"http:\/\/www.lebuteur.com\/article\/detail?titre=mca-le-zamalek-veut-concurrencer-ahly-pour-dieng&#038;id=90006&#038;utm_source=feedburner&#038;utm_medium=feed&#038;utm_campaign=Feed%3A+GalerieFArtciles+%28Les+derniers+articles++-+lebuteur.com%29\">Cliquez ici pour lire l&rsquo;article depuis sa source.<\/a><\/p>\n","protected":false},"excerpt":{"rendered":"<p>Auteur : T.Che mardi 02 juillet 2019 13:56 En marge de la CAN, plusieurs journalistes \u00e9gyptiens ont sollicit\u00e9 les envoy\u00e9s sp\u00e9ciaux du Buteur et d\u2019El Heddaf pour \u00e9voquer le cas Aliou Dieng qui fait parler beaucoup de lui au pays des Pharaons. On savait que le grand Ahly avait discut\u00e9 de Dieng avec Hir\u00e8che, le [&hellip;]<\/p>\n","protected":false},"author":1738,"featured_media":43903,"comment_status":"closed","ping_status":"closed","sticky":false,"template":"","format":"standard","meta":{"fifu_image_url":"","fifu_image_alt":"","footnotes":""},"categories":[53,75],"tags":[],"class_list":["post-43902","post","type-post","status-publish","format-standard","has-post-thumbnail","hentry","category-algerie","category-sport"],"_links":{"self":[{"href":"https:\/\/linitiative.ca\/International\/wp-json\/wp\/v2\/posts\/43902","targetHints":{"allow":["GET"]}}],"collection":[{"href":"https:\/\/linitiative.ca\/International\/wp-json\/wp\/v2\/posts"}],"about":[{"href":"https:\/\/linitiative.ca\/International\/wp-json\/wp\/v2\/types\/post"}],"author":[{"embeddable":true,"href":"https:\/\/linitiative.ca\/International\/wp-json\/wp\/v2\/users\/1738"}],"replies":[{"embeddable":true,"href":"https:\/\/linitiative.ca\/International\/wp-json\/wp\/v2\/comments?post=43902"}],"version-history":[{"count":0,"href":"https:\/\/linitiative.ca\/International\/wp-json\/wp\/v2\/posts\/43902\/revisions"}],"wp:featuredmedia":[{"embeddable":true,"href":"https:\/\/linitiative.ca\/International\/wp-json\/"}],"wp:attachment":[{"href":"https:\/\/linitiative.ca\/International\/wp-json\/wp\/v2\/media?parent=43902"}],"wp:term":[{"taxonomy":"category","embeddable":true,"href":"https:\/\/linitiative.ca\/International\/wp-json\/wp\/v2\/categories?post=43902"},{"taxonomy":"post_tag","embeddable":true,"href":"https:\/\/linitiative.ca\/International\/wp-json\/wp\/v2\/tags?post=43902"}],"curies":[{"name":"wp","href":"https:\/\/api.w.org\/{rel}","templated":true}]}}