{"id":43904,"date":"2019-07-02T15:14:01","date_gmt":"2019-07-02T19:14:01","guid":{"rendered":"https:\/\/linitiative.ca\/International\/ligue-1-2-jsk-mellal-les-choses-serieuses-commencent-deja\/"},"modified":"2019-07-02T15:14:01","modified_gmt":"2019-07-02T19:14:01","slug":"ligue-1-2-jsk-mellal-les-choses-serieuses-commencent-deja","status":"publish","type":"post","link":"https:\/\/linitiative.ca\/International\/ligue-1-2-jsk-mellal-les-choses-serieuses-commencent-deja\/","title":{"rendered":"Ligue 1 &amp; 2 : JSK &#8211; Mellal: \u00abLes choses s\u00e9rieuses commencent d\u00e9j\u00e0\u00bb"},"content":{"rendered":"<div readability=\"32\">\n<p>Auteur : <span>S. D.<\/span> <span class=\"time\">mardi 02 juillet 2019 13:58<\/span><\/p>\n<\/div>\n<div id=\"post_core\" readability=\"131\">\n<p>Pr\u00e9sent avec l\u2019\u00e9quipe \u00e0 Zekri, le pr\u00e9sident Cherif Mellal, que nous avons approch\u00e9 avant le d\u00e9but de la s\u00e9ance d\u2019entra\u00eenement, a d\u00e9clar\u00e9 qu\u2019avec l\u2019arriv\u00e9e de tous les joueurs, les choses s\u00e9rieuses commencent d\u00e9j\u00e0. \u00ab C\u2019est la reprise, nous avons appel\u00e9 tous les joueurs pour qu\u2019ils soient pr\u00e9sents. Les choses s\u00e9rieuses ont commenc\u00e9, nous allons faire notre possible pour que ce stage soit une totale r\u00e9ussite. \u00bb<\/p>\n<p><strong>\u00abLa discipline sera notre force\u00bb<\/strong><br \/>Par ailleurs, Mellal a tenu \u00e0 d\u00e9clarer que la force de la JSK r\u00e9side dans la discipline instaur\u00e9e depuis l\u2019arriv\u00e9e de la nouvelle direction. \u00ab La discipline sera notre force majeure. Depuis notre arriv\u00e9e, nous avons mis en place plusieurs r\u00e8glements que les joueurs ont appliqu\u00e9 \u00e0 la lettre. Une m\u00e9thode qui a port\u00e9 ses fruits. \u00bb<\/p>\n<p><strong>\u00abChetti jouera \u00e0 l\u2019ES Tunis\u00bb<\/strong><br \/>Par rapport \u00e0 l\u2019avenir de Ly\u00e8s Chetti, le pr\u00e9sident Mellal confirme son transfert \u00e0 l\u2019ES Tunis. \u00ab C\u2019est fait, nous avons trouv\u00e9 un arrangement avec l\u2019ES Tunis, il devrait signer son contrat dans les prochaines heures. \u00bb<\/p>\n<p><strong>\u00abOn a tout r\u00e9gl\u00e9 avec Zeghdane\u00bb<\/strong><br \/>Avant de conclure, et par rapport \u00e0 l\u2019arriv\u00e9e de Zeghdane, le premier responsable de l\u2019\u00e9quipe dira : \u00ab Nous avons tout r\u00e9gl\u00e9 avec Zeghdane, il signera son contrat aujourd\u2019hui. Il est officiellement avec nous \u00bb.<\/p>\n<p><strong>\u00abLe recrutement est boucl\u00e9, sauf si\u2026\u00bb<\/strong><br \/>Par rapport au recrutement, Mellal estime qu\u2019il est pratiquement boucl\u00e9, sauf si l\u2019entra\u00eeneur Velud exige un autre renfort : \u00ab Pour le moment, il est pratiquement clos mais on reste \u00e0 l\u2019\u00e9coute. Le dernier mot revient \u00e0 l\u2019entra\u00eeneur. S\u2019il souhaite encore du renfort, on ne dira pas non \u00bb.<\/p>\n<p><strong>\u00a0\u00abLe contrat avec Adidas sera sign\u00e9 cette semaine\u00bb<\/strong><br \/>Comme tout le monde le sait, la JSK a chang\u00e9 d\u2019\u00e9quipementier. Apr\u00e8s Macron, la direction a sign\u00e9 avec Adidas. Et d\u2019apr\u00e8s Mellal, la signature du contrat aura lieu cette semaine : \u00ab Oui, nous avons d\u00e9cid\u00e9 de signer avec Adidas, la c\u00e9r\u00e9monie officielle de la signature se fera prochainement \u00bb.<br \/>\u00a0<\/p>\n<p><strong>Zeghdane signera son contrat aujourd\u2019hui<\/strong><\/p>\n<p>Apr\u00e8s un mois de cong\u00e9, les joueurs de la JSK ont repris hier soir le chemin de l\u2019entra\u00eenement dans le village de Zekri. En effet, les co\u00e9quipiers de Bencherifa vont s\u00e9journer durant une semaine dans une r\u00e9sidence sportive qui renferme toutes les commodit\u00e9s pour r\u00e9ussir une bonne pr\u00e9paration. Mais avant de rallier le lieu de la pr\u00e9paration, les dirigeants, qui \u00e9taient au si\u00e8ge du club, devaient finaliser avec l\u2019arri\u00e8re gauche, Toufik Zeghdane. Alors que le contrat du joueur \u00e9tait d\u00e9j\u00e0 pr\u00eat, la signature a \u00e9t\u00e9 report\u00e9e pour la simple raison que le pr\u00e9sident devait accompagner l\u2019\u00e9quipe \u00e0 Zekri pour assurer le bon d\u00e9roulement du premier jour de la pr\u00e9paration. De ce fait, un rendez-vous a \u00e9t\u00e9 fix\u00e9 pour aujourd\u2019hui avec le manager du joueur pour proc\u00e9der \u00e0 la signature du contrat et l\u2019annoncer officiellement comme \u00e9tant la huiti\u00e8me recrue estivale.<\/p>\n<p><strong>Il \u00e9tait pr\u00e9sent \u00e0 Zekri, hier<\/strong><br \/>Malgr\u00e9 le fait que le contrat de Zeghdane ne soit pas encore sign\u00e9, Toufik Zeghdane a quand m\u00eame tenu \u00e0 accompagner le groupe \u00e0 Zekri pour prendre part \u00e0 la premi\u00e8re s\u00e9ance d\u2019entra\u00eenement. Le joueur s\u2019est d\u00e9plac\u00e9 en compagnie du pr\u00e9sident Cherif Mellal et le dirigeant Aziz Khial puisqu\u2019il \u00e9tait avec eux au si\u00e8ge du club.<br \/>\u00a0<\/p>\n<p><strong>Ngongang attendu aujourd\u2019hui \u00e0 Alger<\/strong><\/p>\n<p>\u00c0 la JSK, le recrutement est loin d\u2019\u00eatre fini. Apr\u00e8s les huit joueurs d\u00e9j\u00e0 engag\u00e9s, la direction ne compte pas boucler le recrutement de sit\u00f4t. D\u2019apr\u00e8s nos informations, la direction va prendre tout son temps pour choisir les meilleurs joueurs qui puissent apporter un plus \u00e0 l\u2019\u00e9quipe. Et parmi ceux qui sont attendus, il y a le Camerounais, Ngongang. Ce dernier, et apr\u00e8s avoir d\u00e9pos\u00e9 son visa, a re\u00e7u dimanche son billet d\u2019avion pour rallier l\u2019Alg\u00e9rie. Et comme rapport\u00e9 par nos soins dans notre pr\u00e9c\u00e9dente \u00e9dition, l\u2019attaquant Ngongang est attendu ce matin plus pr\u00e9cis\u00e9ment vers les coups de 11h \u00e0 l\u2019a\u00e9roport international d\u2019Alger. Et comme tout le monde le sait, avant de proc\u00e9der \u00e0 la signature du contrat, il subira une s\u00e9rie de tests avant que l\u2019entra\u00eeneur en chef, Hubert Velud, ne prenne une d\u00e9cision finale par rapport \u00e0 son maintien. Et dans le cas o\u00f9 il ne pourrait trancher durant ce premier stage, le Camerounais accompagnera l\u2019\u00e9quipe en France pour prendre part aux cinq matchs amicaux pour prouver toutes ses qualit\u00e9s.<\/p>\n<p><strong>Il rejoindra l\u2019\u00e9quipe en fin d\u2019apr\u00e8s-midi<\/strong><br \/>Alors qu\u2019il est attendu ce matin \u00e0 Alger, le Camerounais Ngongang ralliera directement la ville de Tizi-Ouzou avant qu\u2019il soit conduit \u00e0 Zekri pour rejoindre ses co\u00e9quipiers et entamer d\u2019une mani\u00e8re officielle la pr\u00e9paration.<br \/>\u00a0<\/p>\n<p><strong>Publi\u00e9 dans :<\/strong> <span>JSK<\/span> <span>Zeghdane<\/span> <span>Zekri<\/span> <span>Ngongang<\/span><\/p>\n<\/div>\n<p>Auteur:<br \/>\n<a href=\"http:\/\/www.lebuteur.com\/article\/detail?titre=jsk-mellal-les-choses-serieuses-commencent-deja&#038;id=90005&#038;utm_source=feedburner&#038;utm_medium=feed&#038;utm_campaign=Feed%3A+GalerieFArtciles+%28Les+derniers+articles++-+lebuteur.com%29\">Cliquez ici pour lire l&rsquo;article depuis sa source.<\/a><\/p>\n","protected":false},"excerpt":{"rendered":"<p>Auteur : S. D. mardi 02 juillet 2019 13:58 Pr\u00e9sent avec l\u2019\u00e9quipe \u00e0 Zekri, le pr\u00e9sident Cherif Mellal, que nous avons approch\u00e9 avant le d\u00e9but de la s\u00e9ance d\u2019entra\u00eenement, a d\u00e9clar\u00e9 qu\u2019avec l\u2019arriv\u00e9e de tous les joueurs, les choses s\u00e9rieuses commencent d\u00e9j\u00e0. \u00ab C\u2019est la reprise, nous avons appel\u00e9 tous les joueurs pour qu\u2019ils soient [&hellip;]<\/p>\n","protected":false},"author":1738,"featured_media":43905,"comment_status":"closed","ping_status":"closed","sticky":false,"template":"","format":"standard","meta":{"fifu_image_url":"","fifu_image_alt":"","footnotes":""},"categories":[53,75],"tags":[],"class_list":["post-43904","post","type-post","status-publish","format-standard","has-post-thumbnail","hentry","category-algerie","category-sport"],"_links":{"self":[{"href":"https:\/\/linitiative.ca\/International\/wp-json\/wp\/v2\/posts\/43904","targetHints":{"allow":["GET"]}}],"collection":[{"href":"https:\/\/linitiative.ca\/International\/wp-json\/wp\/v2\/posts"}],"about":[{"href":"https:\/\/linitiative.ca\/International\/wp-json\/wp\/v2\/types\/post"}],"author":[{"embeddable":true,"href":"https:\/\/linitiative.ca\/International\/wp-json\/wp\/v2\/users\/1738"}],"replies":[{"embeddable":true,"href":"https:\/\/linitiative.ca\/International\/wp-json\/wp\/v2\/comments?post=43904"}],"version-history":[{"count":0,"href":"https:\/\/linitiative.ca\/International\/wp-json\/wp\/v2\/posts\/43904\/revisions"}],"wp:featuredmedia":[{"embeddable":true,"href":"https:\/\/linitiative.ca\/International\/wp-json\/"}],"wp:attachment":[{"href":"https:\/\/linitiative.ca\/International\/wp-json\/wp\/v2\/media?parent=43904"}],"wp:term":[{"taxonomy":"category","embeddable":true,"href":"https:\/\/linitiative.ca\/International\/wp-json\/wp\/v2\/categories?post=43904"},{"taxonomy":"post_tag","embeddable":true,"href":"https:\/\/linitiative.ca\/International\/wp-json\/wp\/v2\/tags?post=43904"}],"curies":[{"name":"wp","href":"https:\/\/api.w.org\/{rel}","templated":true}]}}