{"id":43910,"date":"2019-07-02T15:14:05","date_gmt":"2019-07-02T19:14:05","guid":{"rendered":"https:\/\/linitiative.ca\/International\/afrique-can-2019-ghana-cameroun-et-benin-en-8es\/"},"modified":"2019-07-02T15:14:05","modified_gmt":"2019-07-02T19:14:05","slug":"afrique-can-2019-ghana-cameroun-et-benin-en-8es","status":"publish","type":"post","link":"https:\/\/linitiative.ca\/International\/afrique-can-2019-ghana-cameroun-et-benin-en-8es\/","title":{"rendered":"Afrique : CAN 2019: Ghana, Cameroun et B\u00e9nin en 8es !"},"content":{"rendered":"<div readability=\"32\">\n<p>Auteur : <span class=\"time\">mardi 02 juillet 2019 18:54<\/span><\/p>\n<\/div>\n<div id=\"post_core\" readability=\"41\">\n<p>Ce mardi, le Ghana a valid\u00e9 son billet pour les 8es de finale de la Coupe d&rsquo;Afrique des Nations en \u00e9cartant la Guin\u00e9e-Bissau (2-0). Bien lanc\u00e9s par J. Ayew (46e), les Ghan\u00e9ens ont doubl\u00e9 la mise par Partey (72e) afin de prendre la t\u00eate de ce Groupe F. Accroch\u00e9 par le B\u00e9nin (0-0), le Cameroun termine \u00e0 la 2e place de cette poule et se qualifie aussi pour la suite du tournoi. A noter que le B\u00e9nin, 3e avec 3 points, sera \u00e9galement pr\u00e9sent en 8es ! En effet, les B\u00e9ninois sont assur\u00e9s de figurer parmi les 4 meilleurs 3e de cette phase de groupes rapporte Maxifoot.fr.<\/p>\n<p><strong>Publi\u00e9 dans :<\/strong> <span>b\u00e9nin<\/span><\/p>\n<\/div>\n<p>Auteur:<br \/>\n<a href=\"http:\/\/www.lebuteur.com\/article\/detail?titre=can-2019-ghana-cameroun-et-benin-en-8es&#038;id=90025&#038;utm_source=feedburner&#038;utm_medium=feed&#038;utm_campaign=Feed%3A+GalerieFArtciles+%28Les+derniers+articles++-+lebuteur.com%29\">Cliquez ici pour lire l&rsquo;article depuis sa source.<\/a><\/p>\n","protected":false},"excerpt":{"rendered":"<p>Auteur : mardi 02 juillet 2019 18:54 Ce mardi, le Ghana a valid\u00e9 son billet pour les 8es de finale de la Coupe d&rsquo;Afrique des Nations en \u00e9cartant la Guin\u00e9e-Bissau (2-0). Bien lanc\u00e9s par J. Ayew (46e), les Ghan\u00e9ens ont doubl\u00e9 la mise par Partey (72e) afin de prendre la t\u00eate de ce Groupe F. [&hellip;]<\/p>\n","protected":false},"author":1738,"featured_media":43911,"comment_status":"closed","ping_status":"closed","sticky":false,"template":"","format":"standard","meta":{"fifu_image_url":"","fifu_image_alt":"","footnotes":""},"categories":[53,75],"tags":[],"class_list":["post-43910","post","type-post","status-publish","format-standard","has-post-thumbnail","hentry","category-algerie","category-sport"],"_links":{"self":[{"href":"https:\/\/linitiative.ca\/International\/wp-json\/wp\/v2\/posts\/43910","targetHints":{"allow":["GET"]}}],"collection":[{"href":"https:\/\/linitiative.ca\/International\/wp-json\/wp\/v2\/posts"}],"about":[{"href":"https:\/\/linitiative.ca\/International\/wp-json\/wp\/v2\/types\/post"}],"author":[{"embeddable":true,"href":"https:\/\/linitiative.ca\/International\/wp-json\/wp\/v2\/users\/1738"}],"replies":[{"embeddable":true,"href":"https:\/\/linitiative.ca\/International\/wp-json\/wp\/v2\/comments?post=43910"}],"version-history":[{"count":0,"href":"https:\/\/linitiative.ca\/International\/wp-json\/wp\/v2\/posts\/43910\/revisions"}],"wp:featuredmedia":[{"embeddable":true,"href":"https:\/\/linitiative.ca\/International\/wp-json\/"}],"wp:attachment":[{"href":"https:\/\/linitiative.ca\/International\/wp-json\/wp\/v2\/media?parent=43910"}],"wp:term":[{"taxonomy":"category","embeddable":true,"href":"https:\/\/linitiative.ca\/International\/wp-json\/wp\/v2\/categories?post=43910"},{"taxonomy":"post_tag","embeddable":true,"href":"https:\/\/linitiative.ca\/International\/wp-json\/wp\/v2\/tags?post=43910"}],"curies":[{"name":"wp","href":"https:\/\/api.w.org\/{rel}","templated":true}]}}