{"id":43932,"date":"2019-07-02T13:01:52","date_gmt":"2019-07-02T17:01:52","guid":{"rendered":"https:\/\/linitiative.ca\/International\/91334-karate-do-jeux-olympiques-2020-trois-algeriens-en-tete-du-ranking-africain\/"},"modified":"2019-07-02T13:01:52","modified_gmt":"2019-07-02T17:01:52","slug":"91334-karate-do-jeux-olympiques-2020-trois-algeriens-en-tete-du-ranking-africain","status":"publish","type":"post","link":"https:\/\/linitiative.ca\/International\/91334-karate-do-jeux-olympiques-2020-trois-algeriens-en-tete-du-ranking-africain\/","title":{"rendered":"Karat\u00e9 Do \/ Jeux Olympiques 2020: trois Alg\u00e9riens en t\u00eate du Ranking africain"},"content":{"rendered":"<div>\n<div class=\"K2FeedImage\"><img decoding=\"async\" src=\"http:\/\/www.aps.dz\/media\/k2\/items\/cache\/86edd3cb05cbe19800a4673e5808032b_S.jpg\" alt=\"Karat\u00e9 Do \/ Jeux Olympiques 2020: trois Alg\u00e9riens en t\u00eate du Ranking africain\"><\/div>\n<div class=\"K2FeedIntroText\">\n<p>ALGER- Les Karat\u00e9kas alg\u00e9riens Hocine Da\u00efkhi, Lamya Matoub et Cha\u00efma Ma\u00efdi figurent actuellement en t\u00eate du Ranking africain, ce qui les place dans une position favorable dans l&rsquo;optique d&rsquo;une qualification aux prochains Jeux Olympiques d&rsquo;\u00e9t\u00e9, pr\u00e9vus en 2020 \u00e0 Tokyo (Japon).<\/p>\n<\/div>\n<div class=\"K2FeedFullText\">\n<blockquote>\n<p><em><strong>Sur le plan mondial, c&rsquo;est Lamya Matoub qui est la mieux class\u00e9e, puisqu&rsquo;elle occupe actuellement une honorable 11e place, au moment o\u00f9 Da\u00efkhi et Ma\u00efdi sont 19es, chacun dans sa cat\u00e9gorie respective.<\/strong><\/em><\/p>\n<\/blockquote>\n<p>N\u00e9anmoins, et bien qu&rsquo;ils occupent d\u00e9j\u00e0 une position favorable dans l&rsquo;optique d&rsquo;une qualification aux prochaines olympiades, les trois athl\u00e8tes alg\u00e9riens ne comptent pas s&rsquo;arr\u00eater en si bon chemin et ambitionnent d&rsquo;aller encore plus loin, notamment, en brillant lors des Championnats d&rsquo;Afrique \u00ab\u00a0seniors\u00a0\u00bb, qui se d\u00e9rouleront du 12 au 14 juillet courant \u00e0 Gaborone (Botswana).<\/p>\n<blockquote>\n<p><em><strong>\u00ab\u00a0Le champion d&rsquo;Afrique engrangera 870 points, ce qui repr\u00e9sente une moisson consid\u00e9rable dans la perspective d&rsquo;une qualification aux JO, car ces points permettront \u00e0 leur acqu\u00e9reur de pr\u00e9tendre \u00e0 une des quatre places qui seront qualificatives de mani\u00e8re directe pour Tokyo, ou tout au moins, leur permettre de faire partie du quota continental\u00a0\u00bb qualificatif \u00e9galement pour le rendez-vous nippone, a-t-on appris aupr\u00e8s de la F\u00e9d\u00e9ration alg\u00e9rienne de Karat\u00e9 Do (FAK).<\/strong><\/em><\/p>\n<\/blockquote>\n<p>Ainsi, outre la m\u00e9daille d&rsquo;or et titre continental, Da\u00efkhi, Matoub et Ma\u00efdi auront pour objectif \u00e0 Gaborone de r\u00e9colter un maximum de points.<\/p>\n<\/div>\n<p><img loading=\"lazy\" decoding=\"async\" src=\"http:\/\/feeds.feedburner.com\/~r\/aps-sport\/~4\/RjmNppN4qBM\" height=\"1\" width=\"1\" alt=\"\"><\/div>\n<p>Auteur:<br \/>\n<a href=\"http:\/\/www.aps.dz\/sport\/91334-karate-do-jeux-olympiques-2020-trois-algeriens-en-tete-du-ranking-africain?utm_source=feedburner&#038;utm_medium=feed&#038;utm_campaign=Feed%3A+aps-sport+%28APS+-+SPORT%29\">Cliquez ici pour lire l&rsquo;article depuis sa source.<\/a><\/p>\n","protected":false},"excerpt":{"rendered":"<p>ALGER- Les Karat\u00e9kas alg\u00e9riens Hocine Da\u00efkhi, Lamya Matoub et Cha\u00efma Ma\u00efdi figurent actuellement en t\u00eate du Ranking africain, ce qui les place dans une position favorable dans l&rsquo;optique d&rsquo;une qualification aux prochains Jeux Olympiques d&rsquo;\u00e9t\u00e9, pr\u00e9vus en 2020 \u00e0 Tokyo (Japon). Sur le plan mondial, c&rsquo;est Lamya Matoub qui est la mieux class\u00e9e, puisqu&rsquo;elle occupe [&hellip;]<\/p>\n","protected":false},"author":1790,"featured_media":43933,"comment_status":"closed","ping_status":"closed","sticky":false,"template":"","format":"standard","meta":{"fifu_image_url":"","fifu_image_alt":"","footnotes":""},"categories":[53,75],"tags":[],"class_list":["post-43932","post","type-post","status-publish","format-standard","has-post-thumbnail","hentry","category-algerie","category-sport"],"_links":{"self":[{"href":"https:\/\/linitiative.ca\/International\/wp-json\/wp\/v2\/posts\/43932","targetHints":{"allow":["GET"]}}],"collection":[{"href":"https:\/\/linitiative.ca\/International\/wp-json\/wp\/v2\/posts"}],"about":[{"href":"https:\/\/linitiative.ca\/International\/wp-json\/wp\/v2\/types\/post"}],"author":[{"embeddable":true,"href":"https:\/\/linitiative.ca\/International\/wp-json\/wp\/v2\/users\/1790"}],"replies":[{"embeddable":true,"href":"https:\/\/linitiative.ca\/International\/wp-json\/wp\/v2\/comments?post=43932"}],"version-history":[{"count":0,"href":"https:\/\/linitiative.ca\/International\/wp-json\/wp\/v2\/posts\/43932\/revisions"}],"wp:featuredmedia":[{"embeddable":true,"href":"https:\/\/linitiative.ca\/International\/wp-json\/"}],"wp:attachment":[{"href":"https:\/\/linitiative.ca\/International\/wp-json\/wp\/v2\/media?parent=43932"}],"wp:term":[{"taxonomy":"category","embeddable":true,"href":"https:\/\/linitiative.ca\/International\/wp-json\/wp\/v2\/categories?post=43932"},{"taxonomy":"post_tag","embeddable":true,"href":"https:\/\/linitiative.ca\/International\/wp-json\/wp\/v2\/tags?post=43932"}],"curies":[{"name":"wp","href":"https:\/\/api.w.org\/{rel}","templated":true}]}}