{"id":43934,"date":"2019-07-02T13:00:03","date_gmt":"2019-07-02T17:00:03","guid":{"rendered":"https:\/\/linitiative.ca\/International\/91338-jeux-africains-2019-handball-25-joueurs-retenus-pour-l-edition-de-rabat\/"},"modified":"2019-07-02T13:00:03","modified_gmt":"2019-07-02T17:00:03","slug":"91338-jeux-africains-2019-handball-25-joueurs-retenus-pour-l-edition-de-rabat","status":"publish","type":"post","link":"https:\/\/linitiative.ca\/International\/91338-jeux-africains-2019-handball-25-joueurs-retenus-pour-l-edition-de-rabat\/","title":{"rendered":"Jeux africains 2019 \/ Handball : 25 joueurs retenus pour l&rsquo;\u00e9dition de Rabat"},"content":{"rendered":"<div>\n<div class=\"K2FeedImage\"><img decoding=\"async\" src=\"http:\/\/www.aps.dz\/media\/k2\/items\/cache\/1ed54f4df89b34b3889a437f633a82c5_S.jpg\" alt=\"Jeux africains 2019 \/ Handball : 25 joueurs retenus pour l'\u00e9dition de Rabat\"><\/div>\n<div class=\"K2FeedIntroText\">\n<p>ALGER &#8211; La F\u00e9d\u00e9ration alg\u00e9rienne de handball (FAHB) a d\u00e9voil\u00e9 une liste de 25 joueurs retenus pour prendre part \u00e0 la 12e \u00e9dition des Jeux africains, pr\u00e9vue du 19 au 31 aout \u00e0 Rabat (Maroc).<\/p>\n<\/div>\n<div class=\"K2FeedFullText\">\n<p>Le staff technique national compos\u00e9 de l&rsquo;entraineur en chef Djalaleddine Harous et son adjoint Amar Daoud ont convoqu\u00e9 25 joueurs dont la majorit\u00e9 ont moins de 21 ans auxquels s&rsquo;ajoutent des joueurs d&rsquo;exp\u00e9rience pour encadrer le vestiaire.<\/p>\n<p>Lors des Jeux africains 2019, l&rsquo;Alg\u00e9rie \u00e9voluera dans le groupe A avec l&rsquo;Egypte, la RD Congo, le Nigeria et le Burkina Faso. Le groupe B est compos\u00e9 de l&rsquo;Angola, du Maroc, du Cameroun, de la Guin\u00e9e et de la Zambie.<\/p>\n<p>\u00a0<\/p>\n<p><strong>Liste des joueurs :<\/strong><\/p>\n<p>Abdellah Benmenni, Hac\u00e8ne Toubali, Mohamed Ydri, Oualid Amoura, Abdelghani Allag, Noureddine Hellal, Abdelmalek Fodil, Zohir Naim, R\u00e9da Arib, Oussama Amrouche, Abdeldjalil Zennadi, Nabil Saadoun, Ferhat Hamzaoui, Yacine Benmessaoud, Abderaouf Djellabi, Abdellah Kimouche, Ramzy Charef, Houssem Guettaf, Aziz Bouhal, Nidhal Djeghaba, Kheireddine Ramache, Tarek Djouadi, Ouail Guesmia, Nour Bouguenna Zakaria Bey.<\/p>\n<\/div>\n<p><img loading=\"lazy\" decoding=\"async\" src=\"http:\/\/feeds.feedburner.com\/~r\/aps-sport\/~4\/lq0m4necDMI\" height=\"1\" width=\"1\" alt=\"\"><\/div>\n<p>Auteur:<br \/>\n<a href=\"http:\/\/www.aps.dz\/sport\/91338-jeux-africains-2019-handball-25-joueurs-retenus-pour-l-edition-de-rabat?utm_source=feedburner&#038;utm_medium=feed&#038;utm_campaign=Feed%3A+aps-sport+%28APS+-+SPORT%29\">Cliquez ici pour lire l&rsquo;article depuis sa source.<\/a><\/p>\n","protected":false},"excerpt":{"rendered":"<p>ALGER &#8211; La F\u00e9d\u00e9ration alg\u00e9rienne de handball (FAHB) a d\u00e9voil\u00e9 une liste de 25 joueurs retenus pour prendre part \u00e0 la 12e \u00e9dition des Jeux africains, pr\u00e9vue du 19 au 31 aout \u00e0 Rabat (Maroc). Le staff technique national compos\u00e9 de l&rsquo;entraineur en chef Djalaleddine Harous et son adjoint Amar Daoud ont convoqu\u00e9 25 joueurs [&hellip;]<\/p>\n","protected":false},"author":1790,"featured_media":43935,"comment_status":"closed","ping_status":"closed","sticky":false,"template":"","format":"standard","meta":{"fifu_image_url":"","fifu_image_alt":"","footnotes":""},"categories":[53,75],"tags":[],"class_list":["post-43934","post","type-post","status-publish","format-standard","has-post-thumbnail","hentry","category-algerie","category-sport"],"_links":{"self":[{"href":"https:\/\/linitiative.ca\/International\/wp-json\/wp\/v2\/posts\/43934","targetHints":{"allow":["GET"]}}],"collection":[{"href":"https:\/\/linitiative.ca\/International\/wp-json\/wp\/v2\/posts"}],"about":[{"href":"https:\/\/linitiative.ca\/International\/wp-json\/wp\/v2\/types\/post"}],"author":[{"embeddable":true,"href":"https:\/\/linitiative.ca\/International\/wp-json\/wp\/v2\/users\/1790"}],"replies":[{"embeddable":true,"href":"https:\/\/linitiative.ca\/International\/wp-json\/wp\/v2\/comments?post=43934"}],"version-history":[{"count":0,"href":"https:\/\/linitiative.ca\/International\/wp-json\/wp\/v2\/posts\/43934\/revisions"}],"wp:featuredmedia":[{"embeddable":true,"href":"https:\/\/linitiative.ca\/International\/wp-json\/"}],"wp:attachment":[{"href":"https:\/\/linitiative.ca\/International\/wp-json\/wp\/v2\/media?parent=43934"}],"wp:term":[{"taxonomy":"category","embeddable":true,"href":"https:\/\/linitiative.ca\/International\/wp-json\/wp\/v2\/categories?post=43934"},{"taxonomy":"post_tag","embeddable":true,"href":"https:\/\/linitiative.ca\/International\/wp-json\/wp\/v2\/tags?post=43934"}],"curies":[{"name":"wp","href":"https:\/\/api.w.org\/{rel}","templated":true}]}}