{"id":43980,"date":"2019-07-02T15:15:21","date_gmt":"2019-07-02T19:15:21","guid":{"rendered":"https:\/\/linitiative.ca\/International\/lions-de-latlas-lespanyol-compte-soffrir-yassine-bounou\/"},"modified":"2019-07-02T15:15:21","modified_gmt":"2019-07-02T19:15:21","slug":"lions-de-latlas-lespanyol-compte-soffrir-yassine-bounou","status":"publish","type":"post","link":"https:\/\/linitiative.ca\/International\/lions-de-latlas-lespanyol-compte-soffrir-yassine-bounou\/","title":{"rendered":"Lions de l\u2019Atlas: L\u2019Espanyol compte s\u2019offrir Yassine Bounou"},"content":{"rendered":"<p><strong>L\u2019Espanyol commence \u00e0 chercher un autre gardien capable de rivaliser avec son portier num\u00e9ro 1, Diego L\u00f3pez. Parmi les noms qui sont sur la table des Catalans, Yassine Bounou en fait partie.<\/strong><\/p>\n<div class=\"c10\"\/>\n<p>Le club espagnol a exprim\u00e9 son d\u00e9sir de recruter le gardien national marocain Yassine Bounou lors du transfert estival en cours. Selon le journal espagnol \u00ab\u00a0Mundo Deportivo\u00a0\u00bb, les dirigeants de l\u2019\u00e9quipe espagnole veulent contracter avec le brillant gardien de but de la derni\u00e8re saison, cr\u00e9ant une comp\u00e9tition entre lui et leur gardien de but actuel, Diego Lopez, \u00e2g\u00e9 de 37 ans.<\/p>\n<p>Bounou veut \u00e9galement quitter Girona FC, tomb\u00e9e en deuxi\u00e8me division du classement, alors que son contrat prendra fin jusqu\u2019en 2021 avec une p\u00e9nalit\u00e9 de 5 millions d\u2019euros, mais l\u2019\u00e9quipe Espanyol cherche \u00e0 n\u00e9gocier pour r\u00e9duire le montant pour ainsi s\u2019offrir les services du gardien marocain.<\/p>\n<p>Le lion de l\u2019Atlas qui fait partie de la Liaga depuis un an, a connu une saison brillante avec Girona, ce qui en fait l\u2019un des meilleurs gardiens de la ligue 1 espagnole, malgr\u00e9 l\u2019\u00e9chec de la formation catalane.<\/p>\n<p>A noter que Bounou participe actuellement \u00e0 la Coupe d\u2019Afrique des Nations en \u00c9gypte avec l\u2019\u00e9quipe nationale marocaine, qui a r\u00e9ussi \u00e0 atteindre la phase des huiti\u00e8mes de finale de la comp\u00e9tition en louant son quatri\u00e8me groupe.<\/p>\n<blockquote class=\"instagram-media c38\" data-instgrm-captioned=\"\" data-instgrm-permalink=\"https:\/\/www.instagram.com\/p\/By2m_S8A63z\/\" data-instgrm-version=\"12\">\n<\/blockquote>\n<div class=\"c45\">\n<fieldset class=\"c44\">\n<legend><strong><span class=\"c39\">Challenge<\/span><span class=\"c40\">news<\/span><\/strong><\/legend>\n<div class=\"c43\">Le meilleur de la r\u00e9daction s\u00e9lectionn\u00e9 par Challenge :<\/p>\n<\/div>\n<\/fieldset>\n<\/div>\n<p>Auteur: Hajar DARI<br \/>\n<a href=\"https:\/\/www.challenge.ma\/lions-de-latlas-lespanyol-compte-soffrir-yassine-bounou-111852\/\">Cliquez ici pour lire l&rsquo;article depuis sa source.<\/a><\/p>\n","protected":false},"excerpt":{"rendered":"<p>L\u2019Espanyol commence \u00e0 chercher un autre gardien capable de rivaliser avec son portier num\u00e9ro 1, Diego L\u00f3pez. Parmi les noms qui sont sur la table des Catalans, Yassine Bounou en fait partie. Le club espagnol a exprim\u00e9 son d\u00e9sir de recruter le gardien national marocain Yassine Bounou lors du transfert estival en cours. Selon le [&hellip;]<\/p>\n","protected":false},"author":1787,"featured_media":0,"comment_status":"closed","ping_status":"closed","sticky":false,"template":"","format":"standard","meta":{"fifu_image_url":"","fifu_image_alt":"","footnotes":""},"categories":[78,54],"tags":[],"class_list":["post-43980","post","type-post","status-publish","format-standard","hentry","category-economie","category-maroc"],"_links":{"self":[{"href":"https:\/\/linitiative.ca\/International\/wp-json\/wp\/v2\/posts\/43980","targetHints":{"allow":["GET"]}}],"collection":[{"href":"https:\/\/linitiative.ca\/International\/wp-json\/wp\/v2\/posts"}],"about":[{"href":"https:\/\/linitiative.ca\/International\/wp-json\/wp\/v2\/types\/post"}],"author":[{"embeddable":true,"href":"https:\/\/linitiative.ca\/International\/wp-json\/wp\/v2\/users\/1787"}],"replies":[{"embeddable":true,"href":"https:\/\/linitiative.ca\/International\/wp-json\/wp\/v2\/comments?post=43980"}],"version-history":[{"count":0,"href":"https:\/\/linitiative.ca\/International\/wp-json\/wp\/v2\/posts\/43980\/revisions"}],"wp:attachment":[{"href":"https:\/\/linitiative.ca\/International\/wp-json\/wp\/v2\/media?parent=43980"}],"wp:term":[{"taxonomy":"category","embeddable":true,"href":"https:\/\/linitiative.ca\/International\/wp-json\/wp\/v2\/categories?post=43980"},{"taxonomy":"post_tag","embeddable":true,"href":"https:\/\/linitiative.ca\/International\/wp-json\/wp\/v2\/tags?post=43980"}],"curies":[{"name":"wp","href":"https:\/\/api.w.org\/{rel}","templated":true}]}}