{"id":44039,"date":"2019-07-02T11:33:47","date_gmt":"2019-07-02T15:33:47","guid":{"rendered":"https:\/\/linitiative.ca\/International\/parkings-payants-bras-de-fer-entre-le-maire-de-douala-1er-et-fritz-ntone-ntone\/"},"modified":"2019-07-02T11:33:47","modified_gmt":"2019-07-02T15:33:47","slug":"parkings-payants-bras-de-fer-entre-le-maire-de-douala-1er-et-fritz-ntone-ntone","status":"publish","type":"post","link":"https:\/\/linitiative.ca\/International\/parkings-payants-bras-de-fer-entre-le-maire-de-douala-1er-et-fritz-ntone-ntone\/","title":{"rendered":"Parkings payants : bras de fer entre le maire de Douala 1er et Fritz Ntone Ntone"},"content":{"rendered":"<div class=\"featured-area featured-area-inner\"><img loading=\"lazy\" decoding=\"async\" width=\"438\" height=\"372\" src=\"https:\/\/i0.wp.com\/ecomatin.net\/wp-content\/uploads\/2019\/07\/ecomatin.net-parkings-payants-bras-de-fer-entre-le-maire-de-douala-1er-et-fritz-ntone-ntone-fritz-ntone-ntone.jpg?resize=438%2C372&#038;ssl=1&#038;is-pending-load=1\" class=\"attachment-jannah-image-post size-jannah-image-post wp-post-image jetpack-lazy-image\" alt=\"\" data-attachment-id=\"9509\" data-permalink=\"https:\/\/ecomatin.net\/parkings-payants-bras-de-fer-entre-le-maire-de-douala-1er-et-fritz-ntone-ntone\/fritz-ntone-ntone\/\" data-orig-file=\"https:\/\/i0.wp.com\/ecomatin.net\/wp-content\/uploads\/2019\/07\/ecomatin.net-parkings-payants-bras-de-fer-entre-le-maire-de-douala-1er-et-fritz-ntone-ntone-fritz-ntone-ntone.jpg?fit=438%2C372&#038;ssl=1\" data-orig-size=\"438,372\" data-comments-opened=\"0\" data-image-meta=\"{\"aperture\":\"0\",\"credit\":\"\",\"camera\":\"\",\"caption\":\"\",\"created_timestamp\":\"0\",\"copyright\":\"\",\"focal_length\":\"0\",\"iso\":\"0\",\"shutter_speed\":\"0\",\"title\":\"\",\"orientation\":\"0\"}\" data-image-title=\"Fritz ntone ntone\" data-image-description=\"\" data-medium-file=\"https:\/\/i0.wp.com\/ecomatin.net\/wp-content\/uploads\/2019\/07\/ecomatin.net-parkings-payants-bras-de-fer-entre-le-maire-de-douala-1er-et-fritz-ntone-ntone-fritz-ntone-ntone.jpg?fit=300%2C255&#038;ssl=1\" data-large-file=\"https:\/\/i0.wp.com\/ecomatin.net\/wp-content\/uploads\/2019\/07\/ecomatin.net-parkings-payants-bras-de-fer-entre-le-maire-de-douala-1er-et-fritz-ntone-ntone-fritz-ntone-ntone.jpg?fit=438%2C372&#038;ssl=1\" data-lazy-srcset=\"https:\/\/i0.wp.com\/ecomatin.net\/wp-content\/uploads\/2019\/07\/ecomatin.net-parkings-payants-bras-de-fer-entre-le-maire-de-douala-1er-et-fritz-ntone-ntone-fritz-ntone-ntone.jpg?w=438&#038;ssl=1 438w, https:\/\/i0.wp.com\/ecomatin.net\/wp-content\/uploads\/2019\/07\/ecomatin.net-parkings-payants-bras-de-fer-entre-le-maire-de-douala-1er-et-fritz-ntone-ntone-fritz-ntone-ntone.jpg?resize=300%2C255&#038;ssl=1 300w\" data-lazy-sizes=\"(max-width: 438px) 100vw, 438px\" srcset=\"data:image\/gif;base64,R0lGODlhAQABAIAAAAAAAP\/\/\/yH5BAEAAAAALAAAAAABAAEAAAIBRAA7\"\/><\/div>\n<div class=\"entry-content entry clearfix\" readability=\"66\">\n<p>\u00c9preuve de force. Le 26 juin dernier <strong>Fritz Ntone Ntone<\/strong>, D\u00e9l\u00e9gu\u00e9 du gouvernement aupr\u00e8s de la <strong>Communaut\u00e9 urbaine de Douala (CUD)<\/strong> annon\u00e7ait,\u00a0 par voie de communiqu\u00e9, que la vente des tickets et l\u2019utilisation illicite des remorqueuses sont strictement interdites dans la capitale \u00e9conomique camerounaise, jusqu\u2019\u00e0 nouvel avis. A l\u2019origine, disait-il, \u00ab <em>il nous a \u00e9t\u00e9 donn\u00e9 de constater la prolif\u00e9ration de la vente de tickets parkings payants et le remorquage illicite des v\u00e9hicules sur les voies publiques par des individus non identifi\u00e9s, ce qui est de nature \u00e0 semer le trouble et le doute dans l\u2019esprit des usagers de la route<\/em> \u00bb.<\/p>\n<p>La disposition du d\u00e9l\u00e9gu\u00e9 du gouvernement aupr\u00e8s de la <strong>CUD<\/strong> n\u2019est pas du go\u00fbt de <strong>Jean Jacques Lengue Malapa<\/strong>. Dans une note parvenue \u00e0 <strong>EcoMatin<\/strong>, le maire de Douala 1er a r\u00e9agit avec \u00ab <em>beaucoup de regret et de surprise<\/em> \u00bb \u00e0 cette d\u00e9cision de <strong>Fritz Ntone Ntone<\/strong> voulant \u00ab i<em>nterdire les activit\u00e9s r\u00e9guli\u00e8res et r\u00e9glementaires de la Commune d\u2019arrondissement de Douala 1er, notamment sur les parkings payants et le remorquage des v\u00e9hicules en infraction sur les voies publiques par l\u2019utilisation des moyens inappropri\u00e9s<\/em> \u00bb.<\/p>\n<p>A toutes fins utiles, Jean Jacques Lengue Malapa rappelle aux op\u00e9rateurs \u00e9conomique et usagers de la route de son ressort territorial que, conform\u00e9ment \u00e0 la loi N\u00b02004-18 du 22 juillet 2004 fixant les r\u00e8gles applicables aux communes, les parkings am\u00e9nages et mat\u00e9rialis\u00e9s par sa municipalit\u00e9 continuent d\u2019\u00eatre per\u00e7us par les agents commis \u00e0 cet effet, identifiables par des ordres de service et badges de la mairie de Douala 1er. L\u2019autorit\u00e9 municipale invite ces derniers \u00e0 \u00ab r<em>ester sereins, de ne pas alimenter la diversion et compte comme d\u2019habitude sur leur bonne compr\u00e9hension et civisme<\/em> \u00bb.<\/p>\n<p>Ce rapport de force entre les deux personnalit\u00e9s a provoqu\u00e9 le 27 juin dernier une violente altercation \u00e0 Bonanjo, quartier d\u2019affaires de Douala, entre des agents de la police municipale de la communaut\u00e9 urbaine de la ville \u00e0 ceux de la mairie de Douala 1er. Il a fallu une intervention des \u00e9l\u00e9ments de police pour arr\u00eater ce conflit gr\u00e2ce \u00e0 l\u2019usage des tirs de gaz lacrymog\u00e8nes.<\/p>\n<div class=\"about-author about-author-box container-wrapper\">\n<div class=\"author-avatar\">\n<p><img decoding=\"async\" src=\"http:\/\/\" alt=\"\"\/><\/p>\n<\/div>\n<p><h4>La R\u00e9daction EcoMatin<\/h4>\n<\/p>\n<\/div>\n<div class=\"awac-wrapper awac widget blog_subscription-2\">\n<h4 class=\"widget-title\">Abonnez-vous \u00e0 notre lettre d&rsquo;information<\/h4>\n<\/div>\n<\/div>\n<div class=\"toggle-post-content clearfix\"><a id=\"toggle-post-button\" class=\"button\" href=\"#\">Afficher plus <\/a><\/div>\n<p>Auteur: EcoMatin<br \/>\n<a href=\"https:\/\/ecomatin.net\/parkings-payants-bras-de-fer-entre-le-maire-de-douala-1er-et-fritz-ntone-ntone\/\">Cliquez ici pour lire l&rsquo;article depuis sa source.<\/a><\/p>\n","protected":false},"excerpt":{"rendered":"<p>\u00c9preuve de force. Le 26 juin dernier Fritz Ntone Ntone, D\u00e9l\u00e9gu\u00e9 du gouvernement aupr\u00e8s de la Communaut\u00e9 urbaine de Douala (CUD) annon\u00e7ait,\u00a0 par voie de communiqu\u00e9, que la vente des tickets et l\u2019utilisation illicite des remorqueuses sont strictement interdites dans la capitale \u00e9conomique camerounaise, jusqu\u2019\u00e0 nouvel avis. A l\u2019origine, disait-il, \u00ab il nous a \u00e9t\u00e9 [&hellip;]<\/p>\n","protected":false},"author":1969,"featured_media":0,"comment_status":"closed","ping_status":"closed","sticky":false,"template":"","format":"standard","meta":{"fifu_image_url":"","fifu_image_alt":"","footnotes":""},"categories":[82,78],"tags":[],"class_list":["post-44039","post","type-post","status-publish","format-standard","hentry","category-cameroun","category-economie"],"_links":{"self":[{"href":"https:\/\/linitiative.ca\/International\/wp-json\/wp\/v2\/posts\/44039","targetHints":{"allow":["GET"]}}],"collection":[{"href":"https:\/\/linitiative.ca\/International\/wp-json\/wp\/v2\/posts"}],"about":[{"href":"https:\/\/linitiative.ca\/International\/wp-json\/wp\/v2\/types\/post"}],"author":[{"embeddable":true,"href":"https:\/\/linitiative.ca\/International\/wp-json\/wp\/v2\/users\/1969"}],"replies":[{"embeddable":true,"href":"https:\/\/linitiative.ca\/International\/wp-json\/wp\/v2\/comments?post=44039"}],"version-history":[{"count":0,"href":"https:\/\/linitiative.ca\/International\/wp-json\/wp\/v2\/posts\/44039\/revisions"}],"wp:attachment":[{"href":"https:\/\/linitiative.ca\/International\/wp-json\/wp\/v2\/media?parent=44039"}],"wp:term":[{"taxonomy":"category","embeddable":true,"href":"https:\/\/linitiative.ca\/International\/wp-json\/wp\/v2\/categories?post=44039"},{"taxonomy":"post_tag","embeddable":true,"href":"https:\/\/linitiative.ca\/International\/wp-json\/wp\/v2\/tags?post=44039"}],"curies":[{"name":"wp","href":"https:\/\/api.w.org\/{rel}","templated":true}]}}