{"id":44048,"date":"2019-07-03T11:27:13","date_gmt":"2019-07-03T15:27:13","guid":{"rendered":"https:\/\/linitiative.ca\/International\/le-preparateur-mental-des-aigles-de-carthage-limoge\/"},"modified":"2019-07-03T11:27:13","modified_gmt":"2019-07-03T15:27:13","slug":"le-preparateur-mental-des-aigles-de-carthage-limoge","status":"publish","type":"post","link":"https:\/\/linitiative.ca\/International\/le-preparateur-mental-des-aigles-de-carthage-limoge\/","title":{"rendered":"Le pr\u00e9parateur mental des Aigles de Carthage limog\u00e9"},"content":{"rendered":"<header>\n<\/header>\n<div class=\"entry-content clearfix\" readability=\"49\"><img decoding=\"async\" class=\"post_layout_5_img\" src=\"http:\/\/aujourdhui.ma\/wp-content\/uploads\/2019\/07\/david_marcel-Tunisie.jpg?x29840\" alt=\"Le pr\u00e9parateur mental des Aigles de Carthage limog\u00e9\"\/><\/p>\n<p class=\"p1\"><span class=\"s1\"><span class=\"c4\"><strong>Le pr\u00e9parateur mental de la s\u00e9lection tunisienne, David Marcel, a \u00e9t\u00e9 limog\u00e9 suite \u00e0 la mauvaise prestation des Aigles de Carthage lors du premier tour de la phase finale de la CAN-2019, malgr\u00e9 leur qualification en huiti\u00e8mes de finale.<\/strong><\/span><\/span><span id=\"more-314263\"\/><\/p>\n<p class=\"p1\"><span class=\"s1\">Dans un communiqu\u00e9 rendu public mardi soir, la f\u00e9d\u00e9ration tunisienne de football pr\u00e9cise que <em>\u00able limogeage du pr\u00e9parateur mental intervient suite au d\u00e9passement de ce dernier de ses pr\u00e9rogatives et son ing\u00e9rence dans les affaires techniques de la s\u00e9lection sans accomplir sa mission convenablement\u00bb<\/em>.<\/span><\/p>\n<p class=\"p1\"><span class=\"s1\">La Tunisie avait assur\u00e9 sa qualification en terminant \u00e0 la 2e place du groupe E avec trois points, suite \u00e0 ses trois matches nuls conc\u00e9d\u00e9s face \u00e0 l\u2019Angola (1-1), le Mali (1-1) et la Mauritanie (0-0).<\/span><\/p>\n<\/div>\n<p>Auteur: ALM<br \/>\n<a href=\"http:\/\/aujourdhui.ma\/special\/le-preparateur-mental-des-aigles-de-carthage-limoge\">Cliquez ici pour lire l&rsquo;article depuis sa source.<\/a><\/p>\n","protected":false},"excerpt":{"rendered":"<p>Le pr\u00e9parateur mental de la s\u00e9lection tunisienne, David Marcel, a \u00e9t\u00e9 limog\u00e9 suite \u00e0 la mauvaise prestation des Aigles de Carthage lors du premier tour de la phase finale de la CAN-2019, malgr\u00e9 leur qualification en huiti\u00e8mes de finale. Dans un communiqu\u00e9 rendu public mardi soir, la f\u00e9d\u00e9ration tunisienne de football pr\u00e9cise que \u00able limogeage [&hellip;]<\/p>\n","protected":false},"author":1759,"featured_media":0,"comment_status":"closed","ping_status":"closed","sticky":false,"template":"","format":"standard","meta":{"fifu_image_url":"","fifu_image_alt":"","footnotes":""},"categories":[73,54],"tags":[],"class_list":["post-44048","post","type-post","status-publish","format-standard","hentry","category-actualite","category-maroc"],"_links":{"self":[{"href":"https:\/\/linitiative.ca\/International\/wp-json\/wp\/v2\/posts\/44048","targetHints":{"allow":["GET"]}}],"collection":[{"href":"https:\/\/linitiative.ca\/International\/wp-json\/wp\/v2\/posts"}],"about":[{"href":"https:\/\/linitiative.ca\/International\/wp-json\/wp\/v2\/types\/post"}],"author":[{"embeddable":true,"href":"https:\/\/linitiative.ca\/International\/wp-json\/wp\/v2\/users\/1759"}],"replies":[{"embeddable":true,"href":"https:\/\/linitiative.ca\/International\/wp-json\/wp\/v2\/comments?post=44048"}],"version-history":[{"count":0,"href":"https:\/\/linitiative.ca\/International\/wp-json\/wp\/v2\/posts\/44048\/revisions"}],"wp:attachment":[{"href":"https:\/\/linitiative.ca\/International\/wp-json\/wp\/v2\/media?parent=44048"}],"wp:term":[{"taxonomy":"category","embeddable":true,"href":"https:\/\/linitiative.ca\/International\/wp-json\/wp\/v2\/categories?post=44048"},{"taxonomy":"post_tag","embeddable":true,"href":"https:\/\/linitiative.ca\/International\/wp-json\/wp\/v2\/tags?post=44048"}],"curies":[{"name":"wp","href":"https:\/\/api.w.org\/{rel}","templated":true}]}}