{"id":44055,"date":"2019-07-03T06:11:14","date_gmt":"2019-07-03T10:11:14","guid":{"rendered":"https:\/\/linitiative.ca\/International\/un-hommage-au-gout-de-la-reconnaissance-a-fatima-regragui\/"},"modified":"2019-07-03T06:11:14","modified_gmt":"2019-07-03T10:11:14","slug":"un-hommage-au-gout-de-la-reconnaissance-a-fatima-regragui","status":"publish","type":"post","link":"https:\/\/linitiative.ca\/International\/un-hommage-au-gout-de-la-reconnaissance-a-fatima-regragui\/","title":{"rendered":"Un  hommage au go\u00fbt de la reconnaissance \u00e0 Fatima Regragui"},"content":{"rendered":"<p class=\"c4\"><span class=\"c3\"><strong><span class=\"c2\">A<\/span> l\u2019initiative du Syndicat marocain des professionnels des arts dramatiques, un hommage sera\u00a0 rendu ce mercredi 3 juillet \u00e0 Rabat \u00e0 Fatima Regragui. Un geste symbolique et une initiative en reconnaissance \u00e0 son apport dans les domaines du th\u00e9\u00e2tre, du cin\u00e9ma et de la t\u00e9l\u00e9vision.<\/strong><\/span><\/p>\n<p class=\"c4\">C\u2019est un signe de reconnaissance et de gratitude envers l\u2019une des \u00e9toiles les plus brillantes de la sc\u00e8ne artistique marocaine, Fatima Regragui. De nombreuses personnalit\u00e9s de la sc\u00e8ne artistique et culturelle nationale prendront part \u00e0 cet \u00e9v\u00e9nement consacr\u00e9 \u00e0 cette com\u00e9dienne hors pair. Plus de 21 artistes de toutes les \u00e9coles confondues et les diff\u00e9rentes g\u00e9n\u00e9rations y participeront \u00e9galement dont Nouamane Lahlou, Bachir Abdou, Hatim Ammor, Mahmoud Idrissi, Saida Charaf, Mohamed El Ghaoui, Hatim Idar, Issam Kamal, Tachinwite, Adil El Miloudi, Hasnae Zalagh,\u00a0 Khouloud Bitioui, et bien d\u2019autres noms.<\/p>\n<p class=\"c4\">Cet hommage, nous explique Messaoud Bouhcine, pr\u00e9sident du Syndicat marocain des professionnels des arts dramatiques, a pour but de rendre hommage \u00e0\u00a0 cette figure de proue du paysage artistique national ainsi que de faire de cet\u00a0 \u00e9v\u00e9nement une tradition pour promouvoir la culture de la reconnaissance. \u00abC\u2019est une premi\u00e8re initiative, mais d\u2019autres viendront par la suite\u00a0 afin de rendre hommage aux figures embl\u00e9matiques de l\u2019art marocain pour leurs efforts d\u00e9ploy\u00e9s dans tous les\u00a0 domaines\u00bb, a-t-il ajout\u00e9.<\/p>\n<p class=\"c4\">Fatima Regragui est l\u2019une des pionni\u00e8res du th\u00e9\u00e2tre marocain. Elle a commenc\u00e9 sa carri\u00e8re artistique dans les ann\u00e9es 50. Elle a fait ses premiers pas en int\u00e9grant la troupe de th\u00e9\u00e2tre \u00abAtajdid Al Masrahi\u00bb en 1957. Au cours de cette premi\u00e8re exp\u00e9rience, elle a partag\u00e9 la sc\u00e8ne avec de grands noms de la sc\u00e8ne th\u00e9\u00e2trale nationale, en l\u2019occurrence d\u2019Abdelkader Benslimane et Larbi Doghmi.<\/p>\n<p class=\"c4\">La com\u00e9dienne a brill\u00e9 en jouant dans la pi\u00e8ce de th\u00e9\u00e2tre \u00abAmayel Jha\u00bb. Quelques ann\u00e9es plus tard, elle int\u00e9gra la c\u00e9l\u00e8bre troupe Ma\u00e2moura o\u00f9 elle passa 8 ans (1966-1974). Dans cette nouvelle exp\u00e9rience th\u00e9\u00e2trale, elle joua avec les monstres du th\u00e9\u00e2tre marocain, \u00e0\u00a0 savoir Tayeb Seddiki, Ahmed Tayeb La\u00e2lej, Said Afifi et d\u2019autres. Apr\u00e8s l\u2019aventure de Ma\u00e2moura, elle rejoignit en 1975 la troupe du Th\u00e9\u00e2tre National Mohammed V \u00e0 Rabat aux c\u00f4t\u00e9s d\u2019Aziz Maouhoub, Mohamed El Jam, Malika El Omari et Nezha Regragui.<\/p>\n<p class=\"c4\">Sa carri\u00e8re artistique est prolifique. Fatima Regragui a laiss\u00e9 son empreinte dans le th\u00e9\u00e2tre radiophonique avec le c\u00e9l\u00e8bre Abdellah Chakroun. En 1960, l\u2019artiste entame une nouvelle exp\u00e9rience dans le cin\u00e9ma. En 1963, elle joue dans les films \u00abune lune de miel au Maroc\u00bb, \u00able soleil du printemps\u00bb de Latif Lahlou, \u00abmoi l\u2019artiste\u00bb de Abdellah Zerouali, \u00ab\u00e0 dieu les m\u00e8res\u00bb de Mohamed Ismail ou encore \u00abIma\u00bb de Hicham Regragui.<\/p>\n<p class=\"c5\"><strong>Mohamed Nait Youssef<\/strong><\/p>\n<p>Auteur: rahal mehamed<br \/>\n<a href=\"http:\/\/albayane.press.ma\/un-hommage-au-gout-de-la-reconnaissance-a-fatima-regragui.html\">Cliquez ici pour lire l&rsquo;article depuis sa source.<\/a><\/p>\n","protected":false},"excerpt":{"rendered":"<p>A l\u2019initiative du Syndicat marocain des professionnels des arts dramatiques, un hommage sera\u00a0 rendu ce mercredi 3 juillet \u00e0 Rabat \u00e0 Fatima Regragui. Un geste symbolique et une initiative en reconnaissance \u00e0 son apport dans les domaines du th\u00e9\u00e2tre, du cin\u00e9ma et de la t\u00e9l\u00e9vision. C\u2019est un signe de reconnaissance et de gratitude envers l\u2019une [&hellip;]<\/p>\n","protected":false},"author":1760,"featured_media":0,"comment_status":"closed","ping_status":"closed","sticky":false,"template":"","format":"standard","meta":{"fifu_image_url":"","fifu_image_alt":"","footnotes":""},"categories":[73,54],"tags":[],"class_list":["post-44055","post","type-post","status-publish","format-standard","hentry","category-actualite","category-maroc"],"_links":{"self":[{"href":"https:\/\/linitiative.ca\/International\/wp-json\/wp\/v2\/posts\/44055","targetHints":{"allow":["GET"]}}],"collection":[{"href":"https:\/\/linitiative.ca\/International\/wp-json\/wp\/v2\/posts"}],"about":[{"href":"https:\/\/linitiative.ca\/International\/wp-json\/wp\/v2\/types\/post"}],"author":[{"embeddable":true,"href":"https:\/\/linitiative.ca\/International\/wp-json\/wp\/v2\/users\/1760"}],"replies":[{"embeddable":true,"href":"https:\/\/linitiative.ca\/International\/wp-json\/wp\/v2\/comments?post=44055"}],"version-history":[{"count":0,"href":"https:\/\/linitiative.ca\/International\/wp-json\/wp\/v2\/posts\/44055\/revisions"}],"wp:attachment":[{"href":"https:\/\/linitiative.ca\/International\/wp-json\/wp\/v2\/media?parent=44055"}],"wp:term":[{"taxonomy":"category","embeddable":true,"href":"https:\/\/linitiative.ca\/International\/wp-json\/wp\/v2\/categories?post=44055"},{"taxonomy":"post_tag","embeddable":true,"href":"https:\/\/linitiative.ca\/International\/wp-json\/wp\/v2\/tags?post=44055"}],"curies":[{"name":"wp","href":"https:\/\/api.w.org\/{rel}","templated":true}]}}