{"id":44078,"date":"2019-07-03T06:42:32","date_gmt":"2019-07-03T10:42:32","guid":{"rendered":"https:\/\/linitiative.ca\/International\/incendie-au-complexe-de-liquefaction-du-gaz-a-arzew-une-equipe-pluridisciplinaire-pour-determiner-les-causes\/"},"modified":"2019-07-03T06:42:32","modified_gmt":"2019-07-03T10:42:32","slug":"incendie-au-complexe-de-liquefaction-du-gaz-a-arzew-une-equipe-pluridisciplinaire-pour-determiner-les-causes","status":"publish","type":"post","link":"https:\/\/linitiative.ca\/International\/incendie-au-complexe-de-liquefaction-du-gaz-a-arzew-une-equipe-pluridisciplinaire-pour-determiner-les-causes\/","title":{"rendered":"Incendie au complexe de liqu\u00e9faction du gaz \u00e0 Arzew: une \u00e9quipe pluridisciplinaire pour d\u00e9terminer les causes"},"content":{"rendered":"<div>\n<div class=\"K2FeedImage\"><img decoding=\"async\" src=\"http:\/\/www.aps.dz\/media\/k2\/items\/cache\/1899974010dac3f84c750a0480a5da42_S.jpg\" alt=\"Incendie au complexe de liqu\u00e9faction du gaz \u00e0 Arzew: une \u00e9quipe pluridisciplinaire pour d\u00e9terminer les causes\"><\/div>\n<div class=\"K2FeedIntroText\">\n<p><strong>ORAN- Le Pr\u00e9sident directeur g\u00e9n\u00e9ral de Sonatrach, Rachid Hachichi a affirm\u00e9, mardi \u00e0 Oran, qu\u2019une \u00e9quipe pluridisciplinaire a \u00e9t\u00e9 d\u00e9sign\u00e9e pour d\u00e9terminer de mani\u00e8re technique et pr\u00e9cise les causes de\u00a0l&rsquo;incendie, qui s&rsquo;est d\u00e9clar\u00e9 lundi au niveau de l\u2019unit\u00e9 de production du complexe du gaz naturel liqu\u00e9fi\u00e9 (GNL 1Z) dans la zone industrielle d\u2019Arzew.<\/strong><\/p>\n<\/div>\n<div class=\"K2FeedFullText\">\n<p>Dans une d\u00e9claration \u00e0 l&rsquo;APS en marge de sa visite d\u2019inspection au lieu de l\u2019incident, M. Hachichi a indiqu\u00e9 qu\u2019une \u00e9quipe pluridisciplinaire a \u00e9t\u00e9 d\u00e9sign\u00e9e pour enqu\u00eater sur cet incendie qui s&rsquo;est produit suite \u00e0 une fuite du gaz accompagn\u00e9 d\u2019un incendie, pour d\u00e9cider des mesures \u00e0 prendre pour \u00e9viter ce genre d\u2019accident.<\/p>\n<p>Imm\u00e9diatement apr\u00e8s le d\u00e9clenchement de l&rsquo;incendie, un plan d&rsquo;intervention a \u00e9t\u00e9 lanc\u00e9 permettant de ma\u00eetriser la situation gr\u00e2ce \u00e0 l&rsquo;intervention rapide des unit\u00e9s de s\u00e9curit\u00e9 et de protection relevant de Sonatrach et de la protection civile, a-t-il fait savoir.<\/p>\n<p>Le P-DG de Sonatrach a indiqu\u00e9 que l\u2019incendie a \u00e9t\u00e9 maitris\u00e9 et les \u00e9quipes sont toujours l\u00e0 pour le refroidissement du lieu de l&rsquo;incendie (unit\u00e9 de production) et parer contre toute \u00e9ventualit\u00e9, ajoutant les\u00a0\u00e9quipes d&rsquo;intervention poursuivent leur action pour s\u00e9curiser le site en attendant des sp\u00e9cialistes pour \u00e9tudier l&rsquo;incident avec pr\u00e9cision avec tous les ing\u00e9nieurs et techniciens exer\u00e7ant dans l&rsquo;unit\u00e9.<\/p>\n<p>Au passage il a salu\u00e9 le \u00ab\u00a0professionnalisme et l&rsquo;intervention courageuse de ces \u00e9quipes qui ont mobilis\u00e9 tous les potentiels humains et mat\u00e9riels pour la ma\u00eetrise total de l&rsquo;incident.<\/p>\n<p>Aucune perte humaine n\u2019a \u00e9t\u00e9 enregistr\u00e9, sauf qu&rsquo;un technicien de s\u00e9curit\u00e9 industrielle et un chef d\u2019\u00e9quipe d\u2019unit\u00e9 d\u2019intervention rapide au complexe ont subi des br\u00fblures de 2e et 3e degr\u00e9s et sont au niveau de la chirurgie r\u00e9paratrice \u00e0 l\u2019Etablissement hospitalier universitaire (EHU) <strong>\u00ab\u00a01er novembre 1954\u00a0\u00bb<\/strong>\u00e0 Oran, selon une source hospitali\u00e8re.<\/p>\n<p>Rachid Hachichi a fait savoir, \u00e0 ce sujet, qu&rsquo;il a donn\u00e9 des instructions pour la prise en charge des bless\u00e9s, d\u00e9clarant<strong> \u00ab\u00a0le plus important est de prot\u00e9ger la ressource humaine, de s\u00e9curiser les installations, de maitriser la situation et de d\u00e9terminer la cause de l&rsquo;accident\u00a0\u00bb.<\/strong><\/p>\n<p>Le patron de Sonatrach a \u00e9galement affirm\u00e9 que l&rsquo;accident n&rsquo;aura pas d&rsquo;incidence sur les capacit\u00e9s de production du complexe GNL 1 Z.<\/p>\n<p>A noter que dans ce complexe, qui comprend six cha\u00eenes de production, la chaine 400 est concern\u00e9e par l&rsquo;incident.<\/p>\n<p>\u00a0<\/p>\n<\/div>\n<\/div>\n<p>Auteur:<br \/>\n<a href=\"http:\/\/www.aps.dz\/regions\/91366-incendie-au-complexe-de-liquefaction-du-gaz-a-arzew-une-equipe-pluridisciplinaire-pour-determiner-les-causes\">Cliquez ici pour lire l&rsquo;article depuis sa source.<\/a><\/p>\n","protected":false},"excerpt":{"rendered":"<p>ORAN- Le Pr\u00e9sident directeur g\u00e9n\u00e9ral de Sonatrach, Rachid Hachichi a affirm\u00e9, mardi \u00e0 Oran, qu\u2019une \u00e9quipe pluridisciplinaire a \u00e9t\u00e9 d\u00e9sign\u00e9e pour d\u00e9terminer de mani\u00e8re technique et pr\u00e9cise les causes de\u00a0l&rsquo;incendie, qui s&rsquo;est d\u00e9clar\u00e9 lundi au niveau de l\u2019unit\u00e9 de production du complexe du gaz naturel liqu\u00e9fi\u00e9 (GNL 1Z) dans la zone industrielle d\u2019Arzew. Dans une [&hellip;]<\/p>\n","protected":false},"author":1790,"featured_media":44079,"comment_status":"closed","ping_status":"closed","sticky":false,"template":"","format":"standard","meta":{"fifu_image_url":"","fifu_image_alt":"","footnotes":""},"categories":[53,76],"tags":[],"class_list":["post-44078","post","type-post","status-publish","format-standard","has-post-thumbnail","hentry","category-algerie","category-regions"],"_links":{"self":[{"href":"https:\/\/linitiative.ca\/International\/wp-json\/wp\/v2\/posts\/44078","targetHints":{"allow":["GET"]}}],"collection":[{"href":"https:\/\/linitiative.ca\/International\/wp-json\/wp\/v2\/posts"}],"about":[{"href":"https:\/\/linitiative.ca\/International\/wp-json\/wp\/v2\/types\/post"}],"author":[{"embeddable":true,"href":"https:\/\/linitiative.ca\/International\/wp-json\/wp\/v2\/users\/1790"}],"replies":[{"embeddable":true,"href":"https:\/\/linitiative.ca\/International\/wp-json\/wp\/v2\/comments?post=44078"}],"version-history":[{"count":0,"href":"https:\/\/linitiative.ca\/International\/wp-json\/wp\/v2\/posts\/44078\/revisions"}],"wp:featuredmedia":[{"embeddable":true,"href":"https:\/\/linitiative.ca\/International\/wp-json\/"}],"wp:attachment":[{"href":"https:\/\/linitiative.ca\/International\/wp-json\/wp\/v2\/media?parent=44078"}],"wp:term":[{"taxonomy":"category","embeddable":true,"href":"https:\/\/linitiative.ca\/International\/wp-json\/wp\/v2\/categories?post=44078"},{"taxonomy":"post_tag","embeddable":true,"href":"https:\/\/linitiative.ca\/International\/wp-json\/wp\/v2\/tags?post=44078"}],"curies":[{"name":"wp","href":"https:\/\/api.w.org\/{rel}","templated":true}]}}