{"id":44170,"date":"2019-07-03T11:27:00","date_gmt":"2019-07-03T15:27:00","guid":{"rendered":"https:\/\/linitiative.ca\/International\/lambassadeur-americain-en-israel-et-la-maire-de-paris-pretendent-de-concert-que-jerusalem-est-la-ville-des-seuls-juifs\/"},"modified":"2019-07-03T11:27:00","modified_gmt":"2019-07-03T15:27:00","slug":"lambassadeur-americain-en-israel-et-la-maire-de-paris-pretendent-de-concert-que-jerusalem-est-la-ville-des-seuls-juifs","status":"publish","type":"post","link":"https:\/\/linitiative.ca\/International\/lambassadeur-americain-en-israel-et-la-maire-de-paris-pretendent-de-concert-que-jerusalem-est-la-ville-des-seuls-juifs\/","title":{"rendered":"L\u2019ambassadeur am\u00e9ricain en Isra\u00ebl et la maire de Paris pr\u00e9tendent de concert que J\u00e9rusalem est la ville des seuls juifs !"},"content":{"rendered":"<p><img decoding=\"async\" src=\"\/uploads\/FCK_files\/Mohamed-Larbi-Bouguera(83).jpg\" width=\"30%\" vspace=\"5\" hspace=\"5\" align=\"left\" alt=\"\"\/>Annie Hidalgo, la maire de Paris, s\u2019est livr\u00e9e, dimanche 30 juin 2018 \u00e0 une vraie provocation. Les penchants pro-isra\u00e9liens de cette dame sont bien connus. En 2015, elle avait organis\u00e9 \u00ab Tel-Aviv plage \u00bb en bord de Seine, au m\u00e9pris de l\u2019avis de nombreux \u00e9lus parisiens.\u00a0 De plus, n\u2019a-t-elle pas illumin\u00e9 la fa\u00e7ade de l\u2019H\u00f4tel de Ville de la capitale \u00e0 chaque action de la r\u00e9sistance palestinienne contre l\u2019occupation et au cours de laquelle sont tomb\u00e9s des colons ? Mais dimanche 30 juin 2019, elle s\u2019est surpass\u00e9e ! Cette socialiste avait fait voter, d\u00e9but juin, l\u2019inauguration d\u2019une Place de J\u00e9rusalem dans le 17\u00e8me arrondissement, au croisement de la rue de Courcelles et du boulevard de Reims<span class=\"c2\"><sup><strong>*<\/strong><\/sup><\/span> \u00e0 la requ\u00eate des milieux sionistes.\u00a0 Vedette de cette c\u00e9r\u00e9monie, le maire raciste de J\u00e9rusalem, Mosh\u00e9 L\u00e9on, un ultra-orthodoxe que m\u00eame Netanyahou ne soutient pas! La gauche du Conseil municipal de Paris avait d\u00e9cid\u00e9 de boycotter la c\u00e9r\u00e9monie\u2026 o\u00f9 tr\u00f4nait en outre le pr\u00e9sident du CRIF! Ce maire est pass\u00e9 ma\u00eetre dans la d\u00e9portation des Palestiniens de J\u00e9rusalem et dans la d\u00e9molition de leurs maisons pour ent\u00e9riner l\u2019annexion de la ville. Les ex\u00e9crables \u00ab faits d\u2019armes \u00bb du fanatique Mosh\u00e9 L\u00e9on n\u2019ont pas emp\u00each\u00e9 Mme Hidalgo de l\u2019associer \u00e0 l\u2019inauguration de la Place de J\u00e9rusalem\u2026 encercl\u00e9e, il est vrai, par un impressionnant cordon de police dans un quartier herm\u00e9tiquement boucl\u00e9 par la mar\u00e9chauss\u00e9e !<\/p>\n<p>De fait, plusieurs centaines de personnes en T-shirts verts, brandissant une for\u00eat de drapeaux palestiniens et d\u2019affiches pro-BDS, ont manifest\u00e9 contre la provocation du maire de Paris et se sont fait si bien entendre que les supporters de la colonisation ont \u00e9t\u00e9 contraints d\u2019\u00e9courter les festivit\u00e9s. \u00ab Les protestataires, log\u00e9s sur la Place du Mar\u00e9chal Juin, encourag\u00e9s par les klaxons des voitures qui passaient, se sont bien fait entendre des criminels et de leurs collabos \u00bb \u00e9crit l\u2019ONG France-Palestine Solidarit\u00e9. Le professeur Suleiman Mourad affirme que \u00ab\u00a0l\u2019id\u00e9e d\u2019une propri\u00e9t\u00e9 juive [de la ville] est dangereuse\u00a0\u00bb car J\u00e9rusalem est historiquement la cit\u00e9 des trois monoth\u00e9ismes.\u00a0 Suleiman Mourad est professeur au Smith College, Northampton, USA et chercheur \u00e0 l\u2019Institut d\u2019\u00e9tudes avanc\u00e9es de Nantes.<\/p>\n<h2>Une inauguration controvers\u00e9e<\/h2>\n<p>Du pass\u00e9 de 3000 ans de J\u00e9rusalem et de la coexistence des trois religions dans cette cit\u00e9, Mme Hidalgo a fait table rase en \u00e9talant le tapis rouge sous les pieds du raciste Mosh\u00e9 L\u00e9on sans associer \u00e0 cette inauguration le moindre maire palestinien.<\/p>\n<p>Mme Hidalgo, qui a proc\u00e9d\u00e9 \u00e0 cette inauguration controvers\u00e9e, pouvait-elle ignorer que la police sioniste avait abattu un jeune manifestant palestinien de 20 ans coupable d\u2019avoir lanc\u00e9 des p\u00e9tards, Mohammed Samir Abid, jeudi 27 juin, dans le quartier d\u2019Issawiyah \u00e0 J\u00e9rusalem-Est ? Pouvait-elle ignorer la brutale r\u00e9pression qui s\u2019est abattue sur tout le quartier avec gaz lacrymog\u00e8nes, grenades assourdissantes, balles r\u00e9elles et tout l\u2019arsenal de terreur et de mort isra\u00e9lien sur une population d\u00e9sarm\u00e9e ?\u00a0 La maire de Paris pouvait-elle ignorer, elle qui a pr\u00e9sid\u00e9 cette mauvaise sauterie en pr\u00e9sence du raciste L\u00e9on, l\u2019arrestation du ministre palestinien des Affaires de J\u00e9rusalem, Fadi al-Hadmi dans la nuit de vendredi, apr\u00e8s qu\u2019il eut accompagn\u00e9 une d\u00e9l\u00e9gation chilienne et le pr\u00e9sident Sebastien Pi\u00f1era \u00e0 la Mosqu\u00e9e al-Aqsa ? Comme les sionistes n\u2019ont pas froid aux yeux, le ministre palestinien a \u00e9t\u00e9 arr\u00eat\u00e9 pour \u00ab violation de la souverainet\u00e9 isra\u00e9lienne \u00bb (sic) tandis que les autorit\u00e9s chiliennes ont \u00e9t\u00e9 \u00ab r\u00e9primand\u00e9es \u00bb pour leur visite du Mur des Lamentations !\u00a0 Jeudi soir, les habitants d\u2019al Issawiya participaient en fait \u00e0 un sit-in de protestation contre les descentes quotidiennes de l\u2019arm\u00e9e et de la police isra\u00e9liennes et pour s\u2019opposer et condamner les avis d\u2019expulsion et de d\u00e9molition des maisons palestiniennes en vue d\u2019\u00e9riger\u2026 un parc talmudique\u2026 dans un quartier \u00e0 majorit\u00e9 palestinienne !<\/p>\n<h2>Quand la maison blanche envoie des colons a J\u00e9rusalem<\/h2>\n<p>Ce m\u00eame dimanche, deux des diplomates am\u00e9ricains les plus importants &#8211; Jason Greenblatt, envoy\u00e9 sp\u00e9cial pour le Moyen-Orient, et l\u2019ambassadeur en Isra\u00ebl David Friedman<span class=\"c2\"><sup><strong>***<\/strong><\/sup><\/span> &#8211; entour\u00e9s d\u2019une brochette de ministres isra\u00e9liens, ont inaugur\u00e9 le \u00ab Chemin des P\u00e8lerins \u00bb, un tunnel de 700 m\u00e8tres datant de l\u2019\u00e9poque d\u2019H\u00e9rode, creus\u00e9 sous l\u2019art\u00e8re principale de Silwan, \u00e0 J\u00e9rusalem-Est. On serait l\u00e0 &#8211; pure conjecture &#8211; en pr\u00e9sence d\u2019une rue datant de la p\u00e9riode du Second Temple conduisant du Mont du Temple \u00e0 une piscine d\u2019ablution (mikvet). Cette voie est l\u2019\u0153uvre de l\u2019organisation d\u2019extr\u00eame-droite Elad, g\u00e9n\u00e9reusement subventionn\u00e9e par Isra\u00ebl : elle a b\u00e9n\u00e9fici\u00e9 de 1,4 million de shekels de la part du budget du programme \u00ab Culture de la Torah \u00bb d\u00e9pendant du minist\u00e8re de l\u2019Education ainsi que de fonds du Minist\u00e8re de la Culture isra\u00e9liens.\u00a0<\/p>\n<p>Elad a par ailleurs un budget particuli\u00e8rement opaque : elle a b\u00e9n\u00e9fici\u00e9 entre 2006 et 2013, de 115 millions de dollars provenant de donateurs domicili\u00e9s dans des paradis fiscaux comme les Bahamas (Haaretz, 6 mars 2016). Parmi ses plus gros m\u00e9c\u00e8nes, on peut citer \u00ab The Greater Miami Chapter of Friends of IDF \u00bb, un groupe am\u00e9ricain qui r\u00e9colte de l\u2019argent pour l\u2019arm\u00e9e d\u2019occupation aupr\u00e8s de riches sionistes de Floride. Elad op\u00e8re \u00e0 J\u00e9rusalem-Est et poursuit deux buts : 1) Installer des juifs \u00e0 Silwan, quartier essentiellement palestinien afin de le juda\u00efser par le tourisme et l\u2019arch\u00e9ologie, 2) Exploiter des sites touristiques et faire des fouilles afin de d\u00e9montrer que Silwan \u00e9tait juive. Son site touristique le plus important est \u00ab Ir David \u00bb ou la Cit\u00e9 de David qu\u2019elle g\u00e8re pour le compte de l\u2019Agence isra\u00e9lienne des parcs et de la nature.<\/p>\n<p>Le quotidien Haaretz (30 juin 2019) note que \u00ab la participation de diplomates am\u00e9ricains \u00e0 un \u00e9v\u00e8nement plac\u00e9 sous la houlette d\u2019une organisation de droite \u00e0 J\u00e9rusalem-Est constitue de facto une reconnaissance de la souverainet\u00e9 isra\u00e9lienne dans le bassin historique de J\u00e9rusalem\u2026 Cette\u00a0 reconnaissance ne place pas seulement l\u2019administration am\u00e9ricaine \u00e0 l\u2019extr\u00eame droite du panorama\u00a0 politique isra\u00e9lien &#8211; d\u00e9mentant ainsi l\u2019affirmation que les Etats Unis peuvent \u00eatre d\u2019honn\u00eates interm\u00e9diaires entre Isra\u00ebl et les Palestiniens &#8211; mais elle ignore aussi la r\u00e9alit\u00e9 compliqu\u00e9e \u00e0 Silwan, \u00e0 J\u00e9rusalem-Est et dans toute la r\u00e9gion\u2026.Ce tunnel, exploitation politique de l\u2019arch\u00e9ologie, ignore en fait les nuances du pass\u00e9 compliqu\u00e9 de J\u00e9rusalem. \u00bb<br \/>Le pire cependant est que ce tunnel &#8211; comme Mme Hidalgo, le maire raciste L\u00e9on ou l\u2019\u00e9trange ambassadeur am\u00e9ricain Friedman &#8211; ne fait aucun cas du fait qu\u2019\u00e0 Silwan, vivent 20 000 Palestiniens sans nationalit\u00e9 ou droits civils. Ils sont en droit de voir ce projet \u00ab arch\u00e9ologique \u00bb comme un moyen de les mettre dehors. De plus, autour de Silwan, il y a 300 000 Palestiniens r\u00e9sidant \u00e0 J\u00e9rusalem-Est, eux aussi sans droits.<\/p>\n<p>L\u2019\u00e9ditorialiste de Haaretz en arrive \u00e0 la conclusion que \u00ab l\u2019administration Trump a condamn\u00e9 \u00e0 perp\u00e9tuit\u00e9 les Isra\u00e9liens \u00e0 vivre soit un conflit constant soit un \u00e9tat d\u2019apartheid avec deux types de r\u00e9sidents : ceux qui ont des droits et ceux qui n\u2019en ont pas. \u00bb<\/p>\n<p>Il semble que Mme Hidalgo s\u2019aligne sur la politique de Trump de d\u00e9ni des droits du peuple palestinien. Elle trouvera sur son chemin les partisans parisiens de la justice et de la paix\u2026 comme dimanche 30 juin sur la place du Mar\u00e9chal Juin, face au m\u00e9tro Pereire, \u00e0 Paris<span class=\"c2\"><sup><strong>**<\/strong><\/sup><\/span> !<\/p>\n<p class=\"c3\"><strong>Mohamed Larbi Bouguerra<\/strong><\/p>\n<p><em>*La Ville de Paris a longtemps compt\u00e9 une \u00ab rue de J\u00e9rusalem \u00bb, commen\u00e7ant quai des Orf\u00e8vres et aboutissant \u00e0 la Pr\u00e9fecture de Police. Celle-ci a \u00e9t\u00e9 ras\u00e9e en 1883 afin d\u2019agrandir le Palais de Justice. Le Conseil de Paris a d\u00e9cid\u00e9 d\u00e9but juin, de renouer avec ce lien historique en d\u00e9nommant une place de la capitale du nom de J\u00e9rusalem&#8230; \u00e0 la demande d\u2019Isra\u00ebl, semble-t-il.\u00a0\u00a0 Symboliquement, il a \u00e9t\u00e9 choisi de l\u2019implanter dans le 17e arrondissement o\u00f9 s\u2019\u00e9l\u00e8ve d\u00e9sormais le nouveau Palais de Justice<\/em><\/p>\n<p><em>** Signalons que le 6 et 7 juillet 2019, les soutiens britanniques de la Palestine (PSC) organisent PalExpo \u00e0 Olympia London ; deux jours de c\u00e9l\u00e9bration de la culture, de l\u2019histoire et des arts de la Palestine : le plus grand \u00e9v\u00e8nement pro-palestinien en Europe.<br \/>De plus, PSC organise le \u00ab Big Ride for Palestine \u00bb (Grand crit\u00e9rium cycliste pour la Palestine) : le 27 juillet 2019 \u00e0 Londres et le 3 ao\u00fbt 2019 \u00e0 Manchester.<\/em><\/p>\n<p><em>***Lire sur le site de Leaders (6 juin 2018): Un bien \u00e9trange ambassadeur am\u00e9ricain en Isra\u00ebl.<\/em><\/p>\n<p>Auteur:<br \/>\n<a href=\"https:\/\/www.leaders.com.tn\/article\/27432-l-ambassadeur-americain-en-israel-et-la-maire-de-paris-pretendent-de-concert-que-jerusalem-est-la-ville-des-seuls-juifs\">Cliquez ici pour lire l&rsquo;article depuis sa source.<\/a><\/p>\n","protected":false},"excerpt":{"rendered":"<p>Annie Hidalgo, la maire de Paris, s\u2019est livr\u00e9e, dimanche 30 juin 2018 \u00e0 une vraie provocation. Les penchants pro-isra\u00e9liens de cette dame sont bien connus. En 2015, elle avait organis\u00e9 \u00ab Tel-Aviv plage \u00bb en bord de Seine, au m\u00e9pris de l\u2019avis de nombreux \u00e9lus parisiens.\u00a0 De plus, n\u2019a-t-elle pas illumin\u00e9 la fa\u00e7ade de l\u2019H\u00f4tel [&hellip;]<\/p>\n","protected":false},"author":1772,"featured_media":44171,"comment_status":"closed","ping_status":"closed","sticky":false,"template":"","format":"standard","meta":{"fifu_image_url":"","fifu_image_alt":"","footnotes":""},"categories":[73,55],"tags":[],"class_list":["post-44170","post","type-post","status-publish","format-standard","has-post-thumbnail","hentry","category-actualite","category-tunisie"],"_links":{"self":[{"href":"https:\/\/linitiative.ca\/International\/wp-json\/wp\/v2\/posts\/44170","targetHints":{"allow":["GET"]}}],"collection":[{"href":"https:\/\/linitiative.ca\/International\/wp-json\/wp\/v2\/posts"}],"about":[{"href":"https:\/\/linitiative.ca\/International\/wp-json\/wp\/v2\/types\/post"}],"author":[{"embeddable":true,"href":"https:\/\/linitiative.ca\/International\/wp-json\/wp\/v2\/users\/1772"}],"replies":[{"embeddable":true,"href":"https:\/\/linitiative.ca\/International\/wp-json\/wp\/v2\/comments?post=44170"}],"version-history":[{"count":0,"href":"https:\/\/linitiative.ca\/International\/wp-json\/wp\/v2\/posts\/44170\/revisions"}],"wp:featuredmedia":[{"embeddable":true,"href":"https:\/\/linitiative.ca\/International\/wp-json\/"}],"wp:attachment":[{"href":"https:\/\/linitiative.ca\/International\/wp-json\/wp\/v2\/media?parent=44170"}],"wp:term":[{"taxonomy":"category","embeddable":true,"href":"https:\/\/linitiative.ca\/International\/wp-json\/wp\/v2\/categories?post=44170"},{"taxonomy":"post_tag","embeddable":true,"href":"https:\/\/linitiative.ca\/International\/wp-json\/wp\/v2\/tags?post=44170"}],"curies":[{"name":"wp","href":"https:\/\/api.w.org\/{rel}","templated":true}]}}