{"id":44217,"date":"2019-07-03T17:18:05","date_gmt":"2019-07-03T21:18:05","guid":{"rendered":"https:\/\/linitiative.ca\/International\/recomposition-de-la-commission-electorale-independante-en-cote-divoire\/"},"modified":"2019-07-03T17:18:05","modified_gmt":"2019-07-03T21:18:05","slug":"recomposition-de-la-commission-electorale-independante-en-cote-divoire","status":"publish","type":"post","link":"https:\/\/linitiative.ca\/International\/recomposition-de-la-commission-electorale-independante-en-cote-divoire\/","title":{"rendered":"Recomposition de la Commission \u00e9lectorale ind\u00e9pendante en C\u00f4te d\u2019Ivoire"},"content":{"rendered":"<div readability=\"32\">\n<p>Publi\u00e9 le 03.07.2019 \u00e0 22h18 par APA News<\/p>\n<\/div>\n<div readability=\"91\">\n<p>Le gouvernement ivoirien a adopt\u00e9 mercredi un projet de loi portant recomposition de la Commission \u00e9lectorale ind\u00e9pendante ( CEI), l\u2019institution charg\u00e9e d\u2019organiser les \u00e9lections en C\u00f4te d\u2019Ivoire, avec une r\u00e9duction des repr\u00e9sentants des partis politiques et une augmentation de ceux de la soci\u00e9t\u00e9 civile.Selon Sidi Ti\u00e9moko Tour\u00e9, le porte-parole du gouvernement ivoirien, \u00a0ce projet de loi apporte \u00ab un meilleur \u00e9quilibre \u00bb dans la composition des organes de la Commission centrale, du Bureau et des Commissions locales.<\/p>\n<p>Ainsi, la nouvelle CEI \u00a0comprend d\u00e9sormais 15 membres pour la Commission centrale, 07 membres pour le Bureau et 07 membres pour chacune des Commissions locales. Les 15 membres de la \u00a0 Commission centrale sont r\u00e9partis comme suit: 01 repr\u00e9sentant du pr\u00e9sident de la R\u00e9publique, 01 repr\u00e9sentant du ministre de l\u2019int\u00e9rieur et de la s\u00e9curit\u00e9, 06 repr\u00e9sentants de la soci\u00e9t\u00e9 civile, 01 repr\u00e9sentant du Conseil sup\u00e9rieur de la magistrature, 03 repr\u00e9sentants des partis au pouvoir et 03 repr\u00e9sentants des partis de l\u2019opposition.<\/p>\n<p>\u00ab L\u2019on note d\u00e9sormais au titre de la Commission centrale, le retrait des repr\u00e9sentants de l\u2019Assembl\u00e9e nationale et du ministre de l\u2019\u00e9conomie et des finances, le retrait des deux repr\u00e9sentants des confessions religieuses, l\u2019augmentation du nombre de repr\u00e9sentants de la soci\u00e9t\u00e9 civile qui passe de 04 \u00e0 06, la r\u00e9duction du nombre de repr\u00e9sentants des partis politiques qui passe de 04 \u00e0 03\u00bb, a fait remarquer M. Tour\u00e9 qui s\u2019exprimait au terme d\u2019un Conseil des ministres pr\u00e9sid\u00e9 par le pr\u00e9sident ivoirien Alassane Ouattara.<\/p>\n<p>Il a ajout\u00e9 qu\u2019au titre du bureau de la CEI, le nombre de vice-pr\u00e9sident a \u00e9t\u00e9 r\u00e9duit (passant de 04 \u00e0 03) ainsi que le nombre de secr\u00e9taire qui passe de 03 \u00e0 02. \u00ab Le gouvernement a donn\u00e9 son accord pour que le repr\u00e9sentant du pr\u00e9sident de la R\u00e9publique et du ministre en charge de l\u2019administration du territoire ne soient pas candidats au poste de pr\u00e9sident de la CEI\u00bb, a-t-il soulign\u00e9.<\/p>\n<p>\u00ab En toute chose, il faut savoir raison garder. On ne fait pas la politique de la chaise vide, ce n\u2019est pas contributif\u00bb, a estim\u00e9 le porte-parole du gouvernement ivoirien en r\u00e9ponse \u00e0 certains partis d\u2019opposition comme le Parti d\u00e9mocratique de C\u00f4te d\u2019Ivoire (PDCI, ex-alli\u00e9 au pouvoir) qui s\u2019est retir\u00e9 du dialogue ayant abouti \u00e0 \u00a0cette recomposition de la CEI.<\/p>\n<p>\u00a0Appelant ces partis politiques de l\u2019opposition \u00e0 \u00ab venir jouer leur r\u00f4le dans le dispositif \u00bb, M. Tour\u00e9 qui est par ailleurs, le ministre de la communication et des m\u00e9dias, a assur\u00e9 \u00ab qu\u2019il n\u2019y a pas de p\u00e9ril dans la demeure\u00bb et que les \u00e9lections se d\u00e9rouleront de \u00ab fa\u00e7on transparente\u00bb en 2020 dans le pays.\u00a0<\/p>\n<p>C\u2019est en application des \u00a0recommandations de la Cour africaine des droits de l\u2019homme et des peuples que les autorit\u00e9s ivoiriennes ont engag\u00e9 depuis janvier dernier des pourparlers avec l\u2019opposition et la soci\u00e9t\u00e9 civile en vue de r\u00e9former la CEI. \u00a0Dans son arr\u00eat du 18 novembre 2016, cette juridiction avait demand\u00e9 \u00e0 l\u2019\u00c9tat de C\u00f4te d\u2019Ivoire de recomposer la CEI estimant qu\u2019elle \u00e9tait d\u00e9s\u00e9quilibr\u00e9e.<\/p>\n<\/div>\n<p>Auteur: APA News<br \/>\n<a href=\"https:\/\/www.journalducameroun.com\/recomposition-de-la-commission-electorale-independante-en-cote-divoire\/\">Cliquez ici pour lire l&rsquo;article depuis sa source.<\/a><\/p>\n","protected":false},"excerpt":{"rendered":"<p>Publi\u00e9 le 03.07.2019 \u00e0 22h18 par APA News Le gouvernement ivoirien a adopt\u00e9 mercredi un projet de loi portant recomposition de la Commission \u00e9lectorale ind\u00e9pendante ( CEI), l\u2019institution charg\u00e9e d\u2019organiser les \u00e9lections en C\u00f4te d\u2019Ivoire, avec une r\u00e9duction des repr\u00e9sentants des partis politiques et une augmentation de ceux de la soci\u00e9t\u00e9 civile.Selon Sidi Ti\u00e9moko Tour\u00e9, [&hellip;]<\/p>\n","protected":false},"author":1965,"featured_media":0,"comment_status":"closed","ping_status":"closed","sticky":false,"template":"","format":"standard","meta":{"fifu_image_url":"","fifu_image_alt":"","footnotes":""},"categories":[73,82],"tags":[],"class_list":["post-44217","post","type-post","status-publish","format-standard","hentry","category-actualite","category-cameroun"],"_links":{"self":[{"href":"https:\/\/linitiative.ca\/International\/wp-json\/wp\/v2\/posts\/44217","targetHints":{"allow":["GET"]}}],"collection":[{"href":"https:\/\/linitiative.ca\/International\/wp-json\/wp\/v2\/posts"}],"about":[{"href":"https:\/\/linitiative.ca\/International\/wp-json\/wp\/v2\/types\/post"}],"author":[{"embeddable":true,"href":"https:\/\/linitiative.ca\/International\/wp-json\/wp\/v2\/users\/1965"}],"replies":[{"embeddable":true,"href":"https:\/\/linitiative.ca\/International\/wp-json\/wp\/v2\/comments?post=44217"}],"version-history":[{"count":0,"href":"https:\/\/linitiative.ca\/International\/wp-json\/wp\/v2\/posts\/44217\/revisions"}],"wp:attachment":[{"href":"https:\/\/linitiative.ca\/International\/wp-json\/wp\/v2\/media?parent=44217"}],"wp:term":[{"taxonomy":"category","embeddable":true,"href":"https:\/\/linitiative.ca\/International\/wp-json\/wp\/v2\/categories?post=44217"},{"taxonomy":"post_tag","embeddable":true,"href":"https:\/\/linitiative.ca\/International\/wp-json\/wp\/v2\/tags?post=44217"}],"curies":[{"name":"wp","href":"https:\/\/api.w.org\/{rel}","templated":true}]}}