{"id":44304,"date":"2019-07-04T15:13:59","date_gmt":"2019-07-04T19:13:59","guid":{"rendered":"https:\/\/linitiative.ca\/International\/ligue-1-2-jsk-koanda-seduit-velud\/"},"modified":"2019-07-04T15:13:59","modified_gmt":"2019-07-04T19:13:59","slug":"ligue-1-2-jsk-koanda-seduit-velud","status":"publish","type":"post","link":"https:\/\/linitiative.ca\/International\/ligue-1-2-jsk-koanda-seduit-velud\/","title":{"rendered":"Ligue 1 &amp; 2 : JSK : Koanda s\u00e9duit Velud"},"content":{"rendered":"<div readability=\"32\">\n<p>Auteur : <span>L.A.<\/span> <span class=\"time\">jeudi 04 juillet 2019 13:25<\/span><\/p>\n<\/div>\n<div id=\"post_core\" readability=\"78\">\n<p>La pr\u00e9paration estivale de la JSK sur les hauteurs de Zekri dans la r\u00e9gion d\u2019Azazga est pass\u00e9e \u00e0 la vitesse sup\u00e9rieure. Apr\u00e8s une l\u00e9g\u00e8re s\u00e9ance au premier jour des Kabyles \u00e0 Talvent, lundi dernier, le staff technique augmente la charge, et ce, afin d\u2019\u00eatre pr\u00eat d\u2019ici un mois \u00e0 l\u2019occasion de la premi\u00e8re sortie de la JSK en Champions League en ao\u00fbt prochain. Toutes les conditions sont favorables, a tenu \u00e0 souligner le coach Velud qui s\u2019est dit satisfait de la pr\u00e9sence de tous ses joueurs. Le portier Salhi qui s\u2019est absent\u00e9 \u00e0 la reprise, a rejoint le groupe et mis fin \u00e0 toutes les sp\u00e9culations. En \u00e9voquant l\u2019ambiance qui r\u00e8gne au sein de la formation kabyle, il y a lieu de dire qu\u2019elle est familiale et chacun donne du mieux qu\u2019il peut pour atteindre les r\u00e9sultats escompt\u00e9s. Le nouveau coach Velud ne devra pas mettre beaucoup de temps pour conna\u00eetre ses joueurs car les premiers exercices le renseignent d\u00e9j\u00e0 suffisamment. Le d\u00e9fenseur axial Koanda, pour le nommer, lui qui est le premier \u00e9tranger qui a d\u00e9marr\u00e9 la pr\u00e9paration avec le groupe avant la venue du Camerounais Ngongang est d\u00e9j\u00e0 dans le bain. En effet, Koanda s\u2019est vite fondu dans le groupe et se pla\u00eet beaucoup dans sa nouvelle \u00e9quipe. Sur le plan technique, le joueur montre de grandes qualit\u00e9s et le coach Velud est s\u00e9duit.<\/p>\n<p><strong>La signature de son contrat est imminente<\/strong><br \/>Arriv\u00e9 \u00e0 la JSK la semaine \u00e9coul\u00e9e, Koanda a fait le d\u00e9placement avec le groupe avant m\u00eame de signer son contrat avec sa nouvelle \u00e9quipe. Il est vrai que le coach Velud a \u00e9mis le souhait de temporiser quelques jours avant de passer \u00e0 la signature du document sachant qu\u2019il veut d\u2019abord voir les joueurs \u00e9trangers aux entra\u00eenements et donner son feu vert aux dirigeants. Selon une source fiable, Koanda a affich\u00e9 de grandes qualit\u00e9s rien que pour ses d\u00e9buts au sein de la formation kabyle, et la signature de son contrat est imminente. Sur le principe, le joueur et la direction se sont entendus sur l\u2019essentiel des clauses de son contrat, il reste peut-\u00eatre quelques d\u00e9tails \u00e0 discuter en pr\u00e9sence de son agent pour parapher son contrat.<br \/><strong>Un renfort de choix pour l\u2019axe central kabyle<\/strong><br \/>La nouvelle ossature kabyle pour le prochain exercice sera un m\u00e9lange de joueurs d\u2019exp\u00e9rience et de jeunes qui vont progresser tr\u00e8s vite. C\u2019est ce qu\u2019a tenu d\u2019expliquer le pr\u00e9sident Cherif Mellal lequel est persuad\u00e9 que son club aura son mot \u00e0 dire la saison prochaine. La venue de Koanda dans l\u2019axe va enflammer la concurrence dans ce poste o\u00f9 d\u00e9j\u00e0 trois joueurs se disputent deux places dans le onze, \u00e0 savoir le capitaine Saadou, Souyed et le jeune Tizi Bouali. Quatre axiaux vont devoir travailler dur cet \u00e9t\u00e9 pour s\u2019imposer et gagner la confiance du coach. Koanda qui poss\u00e8de beaucoup de qualit\u00e9s constitue un renfort de choix.<\/p>\n<p><strong>Il est d\u00e9j\u00e0 la coqueluche des fans<\/strong><br \/>Comme de tradition, les joueurs \u00e9trangers n\u2019ont jamais trouv\u00e9 de probl\u00e8mes pour s\u2019adapter \u00e0 leur nouvel environnement. Cela s\u2019est encore v\u00e9rifi\u00e9 \u00e0 Zekri o\u00f9 la JSK effectue sa premi\u00e8re \u00e9tape de la pr\u00e9paration estivale sous les regards de centaines de supporters. Le d\u00e9fenseur burkinab\u00e8 se pla\u00eet beaucoup dans sa nouvelle famille. Les joueurs et les dirigeants l\u2019ont aid\u00e9 \u00e0 faire ses premiers pas et il est d\u00e9j\u00e0 la coqueluche des fans. A chaque fin des exercices, Koanda est tr\u00e8s sollicit\u00e9 par les fans qui lui souhaitent la bienvenue et lui demandent de faire comme les Africains qui sont pass\u00e9s \u00e0 la JSK, c\u2019est-\u00e0-dire marquer de son empreinte son passage.<\/p>\n<p>&#8212;&#8212;&#8212;&#8212;&#8212;-<\/p>\n<p>Patrick Malo : \u00abKoanda est p\u00e9tri de qualit\u00e9s\u00bb<br \/>L\u2019ancien d\u00e9fenseur de la JSK, Patrick Malo, qui conna\u00eet parfaitement son compatriote, Koanda Souleymane, a rassur\u00e9 les dirigeants kabyles sur les qualit\u00e9s de l\u2019ancien joueur de L\u2019ASEC Abidjan. Et \u00e0 ce sujet, il dira : \u00abKoanda est un d\u00e9fenseur vraiment costaud et ayant beaucoup de qualit\u00e9. Je le recommande vivement \u00e0 la direction kabyle. J\u2019esp\u00e8re qu\u2019il sera engag\u00e9 afin de lui donner une chance de prouver ses qualit\u00e9s.\u00bb<\/p>\n<p><strong>Publi\u00e9 dans :<\/strong> <span>Mellal<\/span> <span>Patrick Malo<\/span> <span>Sa\u00e2dou<\/span> <span>Souyed<\/span> <span>Koanda<\/span><\/p>\n<\/div>\n<p>Auteur:<br \/>\n<a href=\"http:\/\/www.lebuteur.com\/article\/detail?titre=jsk-koanda-seduit-velud&#038;id=90068&#038;utm_source=feedburner&#038;utm_medium=feed&#038;utm_campaign=Feed%3A+GalerieFArtciles+%28Les+derniers+articles++-+lebuteur.com%29\">Cliquez ici pour lire l&rsquo;article depuis sa source.<\/a><\/p>\n","protected":false},"excerpt":{"rendered":"<p>Auteur : L.A. jeudi 04 juillet 2019 13:25 La pr\u00e9paration estivale de la JSK sur les hauteurs de Zekri dans la r\u00e9gion d\u2019Azazga est pass\u00e9e \u00e0 la vitesse sup\u00e9rieure. Apr\u00e8s une l\u00e9g\u00e8re s\u00e9ance au premier jour des Kabyles \u00e0 Talvent, lundi dernier, le staff technique augmente la charge, et ce, afin d\u2019\u00eatre pr\u00eat d\u2019ici un [&hellip;]<\/p>\n","protected":false},"author":1738,"featured_media":44305,"comment_status":"closed","ping_status":"closed","sticky":false,"template":"","format":"standard","meta":{"fifu_image_url":"","fifu_image_alt":"","footnotes":""},"categories":[53,75],"tags":[],"class_list":["post-44304","post","type-post","status-publish","format-standard","has-post-thumbnail","hentry","category-algerie","category-sport"],"_links":{"self":[{"href":"https:\/\/linitiative.ca\/International\/wp-json\/wp\/v2\/posts\/44304","targetHints":{"allow":["GET"]}}],"collection":[{"href":"https:\/\/linitiative.ca\/International\/wp-json\/wp\/v2\/posts"}],"about":[{"href":"https:\/\/linitiative.ca\/International\/wp-json\/wp\/v2\/types\/post"}],"author":[{"embeddable":true,"href":"https:\/\/linitiative.ca\/International\/wp-json\/wp\/v2\/users\/1738"}],"replies":[{"embeddable":true,"href":"https:\/\/linitiative.ca\/International\/wp-json\/wp\/v2\/comments?post=44304"}],"version-history":[{"count":0,"href":"https:\/\/linitiative.ca\/International\/wp-json\/wp\/v2\/posts\/44304\/revisions"}],"wp:featuredmedia":[{"embeddable":true,"href":"https:\/\/linitiative.ca\/International\/wp-json\/"}],"wp:attachment":[{"href":"https:\/\/linitiative.ca\/International\/wp-json\/wp\/v2\/media?parent=44304"}],"wp:term":[{"taxonomy":"category","embeddable":true,"href":"https:\/\/linitiative.ca\/International\/wp-json\/wp\/v2\/categories?post=44304"},{"taxonomy":"post_tag","embeddable":true,"href":"https:\/\/linitiative.ca\/International\/wp-json\/wp\/v2\/tags?post=44304"}],"curies":[{"name":"wp","href":"https:\/\/api.w.org\/{rel}","templated":true}]}}