{"id":44306,"date":"2019-07-04T15:14:00","date_gmt":"2019-07-04T19:14:00","guid":{"rendered":"https:\/\/linitiative.ca\/International\/ligue-1-2-jsk-zeghdane-officiellement-a-la-jsk-pour-deux-ans\/"},"modified":"2019-07-04T15:14:00","modified_gmt":"2019-07-04T19:14:00","slug":"ligue-1-2-jsk-zeghdane-officiellement-a-la-jsk-pour-deux-ans","status":"publish","type":"post","link":"https:\/\/linitiative.ca\/International\/ligue-1-2-jsk-zeghdane-officiellement-a-la-jsk-pour-deux-ans\/","title":{"rendered":"Ligue 1 &amp; 2 : JSK : Zeghdane officiellement \u00e0 la JSK pour deux ans"},"content":{"rendered":"<div readability=\"32\">\n<p>Auteur : <span>S. D.<\/span> <span class=\"time\">jeudi 04 juillet 2019 13:25<\/span><\/p>\n<\/div>\n<div id=\"post_core\" readability=\"85\">\n<p>C\u2019est d\u00e9sormais officiel, l\u2019arri\u00e8re gauche Toufik Zeghdane portera officiellement le maillot de la JSK pour les deux prochaines saisons. Le Franco-Alg\u00e9rien et apr\u00e8s une saison r\u00e9ussie avec Sedan, a d\u00e9cid\u00e9 de revenir en Alg\u00e9rie et tenter une nouvelle exp\u00e9rience. Apr\u00e8s ses passages au MCA et \u00e0 l\u2019USMA, c\u2019est \u00e0 la JSK que l\u2019arri\u00e8re gauche souhaite relancer sa carri\u00e8re et lui donner une nouvelle dimension. Ce dernier qui a accompagn\u00e9 l\u2019\u00e9quipe \u00e0 Zekri, lundi dernier, a \u00e9t\u00e9 conduit \u00e0 Tizi Ouzou hier matin afin de passer la traditionnelle visite m\u00e9dicale. Une fois les r\u00e9sultats connus, la direction du club, sans perdre trop de temps, d\u00e9cide de passer \u00e0 l\u2019action en lui faisant signer un contrat de deux ans. Il devient ainsi la huiti\u00e8me recrue estivale en attendant la signature des deux Africains, Koanda et Figo Junior.<\/p>\n<p><strong>Velud le voulait dans son effectif<\/strong><br \/>Si la direction de la JSK a insist\u00e9 pour engager Zeghdane, c\u2019est parce que le coach Hubert Velud le voulait dans son effectif. D\u2019ailleurs, lors d\u2019une d\u00e9claration accord\u00e9e \u00e0 El Heddaf mardi soir, le Fran\u00e7ais a souhait\u00e9 l\u2019arriv\u00e9e de Zeghdane, qui, rappelons-le, a d\u00e9j\u00e0 fait ses preuves en Alg\u00e9rie puisqu\u2019il avait vraiment brill\u00e9 sous les couleurs du MCA et de l\u2019USMA.<\/p>\n<p><strong>La concurrence avec Bencherifa, le coach avait connu la m\u00eame situation au CSC<\/strong><br \/>Avec l\u2019arriv\u00e9e de Zeghdane, la concurrence avec Bencherifa sera tr\u00e8s rude. Les deux joueurs poss\u00e8dent d\u2019\u00e9normes qualit\u00e9s et vont tout donner pour s\u2019imposer. Mais ce que les observateurs doivent savoir, c\u2019est que cette situation n\u2019inqui\u00e8te en aucun cas le coach Hubert Velud. Ce dernier, lors de son court passage au CSC, avait connu la m\u00eame situation avec deux arri\u00e8res gauches titulaires, \u00e0 savoir Bencherifa et Mekkaoui. Devant cette situation, le technicien fran\u00e7ais, avait \u00e0 maintes reprises, opt\u00e9 pour une tactique o\u00f9 il faisait jouer les deux arri\u00e8res gauches \u00e0 la fois (arri\u00e8re gauche et ailier gauche). Une m\u00e9thode qui pourrait \u00eatre appliqu\u00e9e avec la JSK, cette ann\u00e9e.<\/p>\n<p><strong>Mellal : \u00abZeghdane est avec nous\u00bb<\/strong><br \/>Une fois la signature de Toufik Zeghdane confirm\u00e9e, nous avons eu une discussion avec le pr\u00e9sident Cherif Mellal. Ce dernier estime que l\u2019ancien joueur de Sedan est la huiti\u00e8me recrue estivale : \u00ab C\u2019est fait, Zeghdane est officiellement avec nous. Il a sign\u00e9 un contrat de deux ans. J\u2019esp\u00e8re qu\u2019il apportera un plus \u00e0 l\u2019\u00e9quipe \u00bb.<\/p>\n<p><strong>\u00abLe recrutement ? Le dernier mot revient \u00e0 Velud\u00bb<\/strong><br \/>Par rapport au recrutement et l\u2019arriv\u00e9e d\u2019autres joueurs, le premier responsable de l\u2019\u00e9quipe ajoute : \u00ab On n\u2019a pas encore pris de d\u00e9cision concernant le recrutement. Il sera boucl\u00e9 lorsque l\u2019entra\u00eeneur le d\u00e9cidera. C\u2019est \u00e0 lui de voir si nous devons encore renforcer l\u2019effectif ou pas\u00bb.<br \/>\u00a0<\/p>\n<p><strong>Publi\u00e9 dans :<\/strong> <span>Zeghdane<\/span> <span>Velud<\/span> <span>Bencherifa<\/span> <span>Mellal<\/span><\/p>\n<\/div>\n<p>Auteur:<br \/>\n<a href=\"http:\/\/www.lebuteur.com\/article\/detail?titre=jsk-zeghdane-officiellement-a-la-jsk-pour-deux-ans&#038;id=90067&#038;utm_source=feedburner&#038;utm_medium=feed&#038;utm_campaign=Feed%3A+GalerieFArtciles+%28Les+derniers+articles++-+lebuteur.com%29\">Cliquez ici pour lire l&rsquo;article depuis sa source.<\/a><\/p>\n","protected":false},"excerpt":{"rendered":"<p>Auteur : S. D. jeudi 04 juillet 2019 13:25 C\u2019est d\u00e9sormais officiel, l\u2019arri\u00e8re gauche Toufik Zeghdane portera officiellement le maillot de la JSK pour les deux prochaines saisons. Le Franco-Alg\u00e9rien et apr\u00e8s une saison r\u00e9ussie avec Sedan, a d\u00e9cid\u00e9 de revenir en Alg\u00e9rie et tenter une nouvelle exp\u00e9rience. Apr\u00e8s ses passages au MCA et \u00e0 [&hellip;]<\/p>\n","protected":false},"author":1738,"featured_media":44307,"comment_status":"closed","ping_status":"closed","sticky":false,"template":"","format":"standard","meta":{"fifu_image_url":"","fifu_image_alt":"","footnotes":""},"categories":[53,75],"tags":[],"class_list":["post-44306","post","type-post","status-publish","format-standard","has-post-thumbnail","hentry","category-algerie","category-sport"],"_links":{"self":[{"href":"https:\/\/linitiative.ca\/International\/wp-json\/wp\/v2\/posts\/44306","targetHints":{"allow":["GET"]}}],"collection":[{"href":"https:\/\/linitiative.ca\/International\/wp-json\/wp\/v2\/posts"}],"about":[{"href":"https:\/\/linitiative.ca\/International\/wp-json\/wp\/v2\/types\/post"}],"author":[{"embeddable":true,"href":"https:\/\/linitiative.ca\/International\/wp-json\/wp\/v2\/users\/1738"}],"replies":[{"embeddable":true,"href":"https:\/\/linitiative.ca\/International\/wp-json\/wp\/v2\/comments?post=44306"}],"version-history":[{"count":0,"href":"https:\/\/linitiative.ca\/International\/wp-json\/wp\/v2\/posts\/44306\/revisions"}],"wp:featuredmedia":[{"embeddable":true,"href":"https:\/\/linitiative.ca\/International\/wp-json\/"}],"wp:attachment":[{"href":"https:\/\/linitiative.ca\/International\/wp-json\/wp\/v2\/media?parent=44306"}],"wp:term":[{"taxonomy":"category","embeddable":true,"href":"https:\/\/linitiative.ca\/International\/wp-json\/wp\/v2\/categories?post=44306"},{"taxonomy":"post_tag","embeddable":true,"href":"https:\/\/linitiative.ca\/International\/wp-json\/wp\/v2\/tags?post=44306"}],"curies":[{"name":"wp","href":"https:\/\/api.w.org\/{rel}","templated":true}]}}