{"id":44308,"date":"2019-07-04T15:14:02","date_gmt":"2019-07-04T19:14:02","guid":{"rendered":"https:\/\/linitiative.ca\/International\/ligue-1-2-mca-reprise-de-lentrainement-aujourdhui-au-5-juillet\/"},"modified":"2019-07-04T15:14:02","modified_gmt":"2019-07-04T19:14:02","slug":"ligue-1-2-mca-reprise-de-lentrainement-aujourdhui-au-5-juillet","status":"publish","type":"post","link":"https:\/\/linitiative.ca\/International\/ligue-1-2-mca-reprise-de-lentrainement-aujourdhui-au-5-juillet\/","title":{"rendered":"Ligue 1 &amp; 2 : MCA: Reprise de l\u2019entrainement aujourd\u2019hui au 5-Juillet"},"content":{"rendered":"<div readability=\"32\">\n<p>Auteur : <span>Kamel M.<\/span> <span class=\"time\">jeudi 04 juillet 2019 13:25<\/span><\/p>\n<\/div>\n<div id=\"post_core\" readability=\"77\">\n<p>Apr\u00e8s avoir b\u00e9n\u00e9fici\u00e9 de plus d\u2019un mois de repos, c\u2019est aujourd\u2019hui que le Mouloudia reprendra l\u2019entra\u00eenement, pour pr\u00e9parer le nouvel exercice. Cette reprise sera dirig\u00e9e par le revenant Bernard Casoni qui sera assist\u00e9 de son adjoint Hakim Malek mais aussi du pr\u00e9parateur physique Thomas Gourvenec. La direction du club a inform\u00e9 l\u2019ensemble des joueurs d\u2019\u00eatre pr\u00e9sents \u00e0 la s\u00e9ance qui d\u00e9butera \u00e0 18h sur le terrain principal du stade olympique.<\/p>\n<p><strong>Les supporters attendus en force pour retrouver leur \u00e9quipe<\/strong><br \/>Ayant boud\u00e9 leur \u00e9quipe lors des derni\u00e8res journ\u00e9es du championnat, en signe de m\u00e9contentement, suite aux mauvais r\u00e9sultats enregistr\u00e9s, tout le monde se demande quelle sera la r\u00e9action des Chnaoua pour cette reprise de l\u2019entrainement. Il faut s\u2019attendre \u00e0 ce qu\u2019ils soient pr\u00e9sents en force, pour d\u00e9couvrir notamment les nouvelles recrues et les encourager \u00e0 l\u2019occasion. \u00a0<\/p>\n<p><strong>Un accueil chaleureux sera r\u00e9serv\u00e9 \u00e0 Casoni<\/strong><br \/>Dans les fiefs du Mouloudia, on s\u2019appr\u00eate \u00e0 faire le d\u00e9placement au stade du 5-Juillet, car c\u2019est pour la premi\u00e8re fois que l\u2019\u00e9quipe effectue sa reprise sur le terrain principal. Les Chnaoua comptent r\u00e9server un accueil chaleureux au Fran\u00e7ais Bernard Casoni qui est de retour au Mouloudia, lui qui a laiss\u00e9 son empreinte gr\u00e2ce au style de jeu qui a forc\u00e9 l\u2019admiration. En effet, tout le monde est unanime \u00e0 dire que le MCA pratiquait \u00e0 l\u2019\u00e9poque de Casoni le meilleur football en championnat et que l\u2019\u00e9quipe aurait pu pr\u00e9tendre m\u00eame au doubl\u00e9,\u00a0 n\u2019\u00e9tait la chute libre qu\u2019elle a connue en fin de saison pour des raisons incompr\u00e9hensibles. Ainsi, les supporters du MCA savent pertinemment que leur \u00e9quipe retrouvera des couleurs avec le technicien fran\u00e7ais qui tient \u00e0 prendre une revanche sur le sort.<\/p>\n<p><strong>Djabou sera l\u2019attraction de la reprise de l\u2019entrainement<\/strong><br \/>En plus de Casoni, les supporters du MCA ont h\u00e2te de d\u00e9couvrir Djabou qui sera sans aucun doute l\u2019attraction de cette reprise de l\u2019entrainement, lorsqu\u2019on sait que de grands espoirs reposent sur lui, afin qu\u2019il puisse mener l\u2019\u00e9quipe \u00e0 renouer avec les cons\u00e9crations. Son recrutement a fait exploser les r\u00e9seaux sociaux, car les Mouloud\u00e9ens ont toujours r\u00eav\u00e9 de voir un joueur de sa trempe dans leur effectif, lui qui sait qu\u2019on attend beaucoup de lui cette saison.<\/p>\n<p><strong>Les choses s\u00e9rieuses commencent ce vendredi<\/strong><br \/>Cette reprise de l\u2019entrainement, qui sera sans aucun doute caract\u00e9ris\u00e9e par une forte pr\u00e9sence, sera de courte dur\u00e9e, car les choses s\u00e9rieuses d\u00e9buteront ce vendredi lorsque l\u2019\u00e9quipe s\u2019adonnera \u00e0 du biquotidien, avant de se rendre dimanche au milieu d\u2019apr\u00e8s-midi en Tunisie, pour le premier stage de pr\u00e9paration qui aura lieu \u00e0 A\u00efn Draham.<br \/>\u00a0<\/p>\n<\/div>\n<p>Auteur:<br \/>\n<a href=\"http:\/\/www.lebuteur.com\/article\/detail?titre=mca-reprise-de-lentrainement-aujourdhui-au-5-juillet&#038;id=90066&#038;utm_source=feedburner&#038;utm_medium=feed&#038;utm_campaign=Feed%3A+GalerieFArtciles+%28Les+derniers+articles++-+lebuteur.com%29\">Cliquez ici pour lire l&rsquo;article depuis sa source.<\/a><\/p>\n","protected":false},"excerpt":{"rendered":"<p>Auteur : Kamel M. jeudi 04 juillet 2019 13:25 Apr\u00e8s avoir b\u00e9n\u00e9fici\u00e9 de plus d\u2019un mois de repos, c\u2019est aujourd\u2019hui que le Mouloudia reprendra l\u2019entra\u00eenement, pour pr\u00e9parer le nouvel exercice. Cette reprise sera dirig\u00e9e par le revenant Bernard Casoni qui sera assist\u00e9 de son adjoint Hakim Malek mais aussi du pr\u00e9parateur physique Thomas Gourvenec. La [&hellip;]<\/p>\n","protected":false},"author":1738,"featured_media":44309,"comment_status":"closed","ping_status":"closed","sticky":false,"template":"","format":"standard","meta":{"fifu_image_url":"","fifu_image_alt":"","footnotes":""},"categories":[53,75],"tags":[],"class_list":["post-44308","post","type-post","status-publish","format-standard","has-post-thumbnail","hentry","category-algerie","category-sport"],"_links":{"self":[{"href":"https:\/\/linitiative.ca\/International\/wp-json\/wp\/v2\/posts\/44308","targetHints":{"allow":["GET"]}}],"collection":[{"href":"https:\/\/linitiative.ca\/International\/wp-json\/wp\/v2\/posts"}],"about":[{"href":"https:\/\/linitiative.ca\/International\/wp-json\/wp\/v2\/types\/post"}],"author":[{"embeddable":true,"href":"https:\/\/linitiative.ca\/International\/wp-json\/wp\/v2\/users\/1738"}],"replies":[{"embeddable":true,"href":"https:\/\/linitiative.ca\/International\/wp-json\/wp\/v2\/comments?post=44308"}],"version-history":[{"count":0,"href":"https:\/\/linitiative.ca\/International\/wp-json\/wp\/v2\/posts\/44308\/revisions"}],"wp:featuredmedia":[{"embeddable":true,"href":"https:\/\/linitiative.ca\/International\/wp-json\/"}],"wp:attachment":[{"href":"https:\/\/linitiative.ca\/International\/wp-json\/wp\/v2\/media?parent=44308"}],"wp:term":[{"taxonomy":"category","embeddable":true,"href":"https:\/\/linitiative.ca\/International\/wp-json\/wp\/v2\/categories?post=44308"},{"taxonomy":"post_tag","embeddable":true,"href":"https:\/\/linitiative.ca\/International\/wp-json\/wp\/v2\/tags?post=44308"}],"curies":[{"name":"wp","href":"https:\/\/api.w.org\/{rel}","templated":true}]}}