{"id":44312,"date":"2019-07-04T15:14:04","date_gmt":"2019-07-04T19:14:04","guid":{"rendered":"https:\/\/linitiative.ca\/International\/ligue-1-2-nahd-lacet-rester-ou-partir-je-nai-encore-rien-decide-car-la-situation-nest-pas-claire\/"},"modified":"2019-07-04T15:14:04","modified_gmt":"2019-07-04T19:14:04","slug":"ligue-1-2-nahd-lacet-rester-ou-partir-je-nai-encore-rien-decide-car-la-situation-nest-pas-claire","status":"publish","type":"post","link":"https:\/\/linitiative.ca\/International\/ligue-1-2-nahd-lacet-rester-ou-partir-je-nai-encore-rien-decide-car-la-situation-nest-pas-claire\/","title":{"rendered":"Ligue 1 &amp; 2 : NAHD &#8211; Lacet: \u00abRester ou partir, je n\u2019ai encore rien d\u00e9cid\u00e9 car la situation n\u2019est pas claire\u00bb"},"content":{"rendered":"<div readability=\"32\">\n<p>Auteur : <span>Youcef M.<\/span> <span class=\"time\">jeudi 04 juillet 2019 13:25<\/span><\/p>\n<\/div>\n<div id=\"post_core\" readability=\"107\">\n<p>Apr\u00e8s une saison compliqu\u00e9e et riche en rebondissements, l\u2019ancien entraineur du Nasria, Mohamed Lacet, profite au maximum de ses vacances en famille. L\u2019enfant de Ch\u00e9raga veut d\u00e9compresser, avant de penser \u00e0 son avenir. Joint par nos soins, il met en garde contre tout retard li\u00e9 \u00e0 la pr\u00e9paration de l\u2019\u00e9quipe pour la prochaine saison. Pour Lacet, les probl\u00e8mes financiers et administratifs peuvent se r\u00e9gler mais lorsqu\u2019on accuse du retard dans la pr\u00e9paration d\u2019intersaison, c\u2019est difficile \u00e0 rattraper. \u00ab Je me ressource en famille loin de toute pression. J\u2019avais besoin de prendre un bon cong\u00e9 et profiter de mes vacances et faire une coupure avec mon m\u00e9tier, temporairement. J\u2019ai repris mon souffle m\u00eame si je n\u2019ai pas encore d\u00e9cid\u00e9 de mon avenir. Pour ce qui est du NAHD, la situation ne rassure pas. Mais ce qui me pr\u00e9occupe le plus, c\u2019est la reprise des entrainements qui risque d\u2019engendrer un grand retard. On peut r\u00e9gler les probl\u00e8mes financiers mais pas se rattraper dans la pr\u00e9paration d\u2019intersaison. C\u2019est dire que les joueurs doivent entamer l\u2019entra\u00eenement le plus vite possible. Il faut penser \u00e0 l\u2019int\u00e9r\u00eat de l\u2019\u00e9quipe avant tout autre consid\u00e9ration personnelle \u00bb, a-t-il d\u00e9clar\u00e9.<\/p>\n<p><strong>\u00abAucun dirigeant ne m\u2019a contact\u00e9\u00bb<\/strong><br \/>Mohamed Lacet est \u00e9loign\u00e9 du NAHD depuis l\u2019ultime match de championnat face au MCO. Il nous confirme qu\u2019aucun dirigeant ne l\u2019a contact\u00e9 pour entamer la pr\u00e9paration d\u2019intersaison avec l\u2019\u00e9quipe. \u00ab Cela fait plus d\u2019un mois que le contact est rompu avec la direction du NAHD. J\u2019ai entendu parler d\u2019une vague envie des dirigeants de me confier l\u2019\u00e9quipe, mais je vous confirme qu\u2019aucun dirigeant ne m\u2019a contact\u00e9 pour me proposer quoi que ce soit. Rien n\u2019est officiel et cela reste une rumeur. Je r\u00e9it\u00e8re ce que j\u2019ai dit, il faut imp\u00e9rativement entamer la pr\u00e9paration d\u2019intersaison et d\u00e9bloquer la situation dans l\u2019int\u00e9r\u00eat du NAHD. Il faut ainsi \u00e9viter que le travail foncier soit entam\u00e9 en retard \u00bb, ajoute Lacet.<\/p>\n<p><strong>\u00abJ\u2019ai deux offres du Qatar et d\u2019Arabie Saoudite\u00bb<\/strong><br \/>Interrog\u00e9 sur son avenir, Mohamed Lacet avoue qu\u2019il a re\u00e7u deux contacts du Golfe. Apr\u00e8s un premier contact officiel, il attend de passer \u00e0 la table des n\u00e9gociations afin de concr\u00e9tiser son d\u00e9part. \u00ab J\u2019ai \u00e9t\u00e9 contact\u00e9 pour int\u00e9grer le staff technique de deux clubs du Golfe. J\u2019ai eu deux offres tr\u00e8s int\u00e9ressantes du Qatar et d\u2019Arabie Saoudite. J\u2019attends le deuxi\u00e8me contact pour discuter des modalit\u00e9s du contrat. Je dois rencontrer des \u00e9missaires, avant de concr\u00e9tiser l\u2019une des deux offres. En tout cas, seul le destin d\u00e9cidera de mon avenir. \u00bb<\/p>\n<p><strong>\u00abJ\u2019ai d\u00e9clin\u00e9 une offre d\u2019une \u00e9quipe de Ligue 2\u00bb<\/strong><br \/>En plus des deux contacts \u00e9manant du Golfe, Lacet a \u00e9t\u00e9 contact\u00e9 officiellement par une \u00e9quipe qui \u00e9volue en Ligue 2. En toute politesse, il a d\u00e9clin\u00e9 l\u2019offre car il ne veut pas s\u2019\u00e9loigner de sa famille. \u00ab J\u2019ai eu quelques touches mais la plus s\u00e9rieuse et concr\u00e8te, c\u2019\u00e9tait de la part d\u2019un club de Ligue 2. D\u2019abord, je suis tr\u00e8s honor\u00e9 d\u2019avoir \u00e9t\u00e9 cibl\u00e9 par ce prestigieux club. J\u2019ai d\u00e9clin\u00e9 poliment l\u2019offre, en raison de l\u2019\u00e9loignement.\u00a0 Je veux rester proche de ma famille sauf si c\u2019est une offre de l\u2019\u00e9tranger. En somme, je dois trancher mon avenir dans les prochains jours \u00bb, a conclu Lacet.<\/p>\n<p><strong>Le directoire veut le garder<\/strong><br \/>Selon des indiscr\u00e9tions, Mohamed Lacet est bien parti pour rester au NAHD. Il devrait ainsi \u00eatre reconduit au sein du nouveau staff technique qui sera install\u00e9 incessamment. D\u2019apr\u00e8s une source proche du club, les membres du directoire comptent maintenir Lacet. En tout cas, son maintien sera b\u00e9n\u00e9fique pour l\u2019\u00e9quipe puisque Lacet conna\u00eet tr\u00e8s bien la maison.<\/p>\n<p><strong>A\u00eft Djoudi, le plan \u00abB\u00bb<\/strong><br \/>Un autre technicien est cit\u00e9 pour prendre les r\u00eanes techniques de l\u2019\u00e9quipe nahdiste. Il s\u2019agit de l\u2019ancien entraineur de l\u2019ASAM, Azzedine A\u00eft Djoudi. Ce dernier est entr\u00e9 en lice r\u00e9cemment et peut s\u00e9rieusement concurrencer Adjali. Seulement, A\u00eft Djoudi entre dans le plan \u00abB\u00bb des membres du directoire et sera install\u00e9 au cas o\u00f9 ils ne trouvent pas de compromis avec Adjali.<br \/><strong>Slimani et Ifticen propos\u00e9s<\/strong><br \/>En plus des deux premi\u00e8res pistes, deux noms sont propos\u00e9s au directoire. En effet, Sid-Ahmed Slimani et Youn\u00e8s Ifticen figurent sur la liste des coaches cibl\u00e9s. Ils sont class\u00e9s au dernier rang par rapport \u00e0 Adjali et A\u00eft Djoudi.<br \/><strong>La reprise sera fix\u00e9e par le nouvel entraineur<\/strong><br \/>Malgr\u00e9 le retard accus\u00e9 dans la pr\u00e9paration d\u2019intersaison, la date de la reprise de l\u2019entra\u00eenement n\u2019est toujours pas encore confirm\u00e9e. Selon nos informations, elle sera fix\u00e9e par le nouveau coach choisi qui sera le seul \u00e0 pouvoir \u00e9tablir le programme de pr\u00e9paration du prochain exercice.<br \/>\u00a0<\/p>\n<p><strong>L\u2019entraineur sera connu ce week-end<\/strong><\/p>\n<p><strong>Adjali en pole position<\/strong><\/p>\n<p>Rien ne se profile \u00e0 l\u2019horizon dans la maison nahdiste, m\u00eame si les membres du directoire sont en train de bouger pour assurer l\u2019entame de l\u2019entra\u00eenement et le d\u00e9marrage de l\u2019\u00e9quipe dans les meilleurs d\u00e9lais. A cet effet, l\u2019on apprend que Mourad Lahlou a \u00e9tabli une liste de quatre entraineurs susceptibles de driver le NAHD cette saison. Parmi ces noms, celui de Lakhdar Adjali. Ce dernier se trouve en pole position et demeure tr\u00e8s proche d\u2019\u00eatre nomm\u00e9 officiellement \u00e0 la t\u00eate du staff technique. L\u2019ancien attaquant du NAHD fait l\u2019unanimit\u00e9 au sein du directoire et de la rue husseind\u00e9enne et tout porte \u00e0 croire qu\u2019il sera le futur coach des Sang et Or.<br \/>\u00a0<\/p>\n<p><strong>Publi\u00e9 dans :<\/strong> <span>A\u00eft Djoudi<\/span> <span>Nahd<\/span> <span>Slimani et Ifticen<\/span><\/p>\n<\/div>\n<p>Auteur:<br \/>\n<a href=\"http:\/\/www.lebuteur.com\/article\/detail?titre=nahd-lacet-rester-ou-partir-je-nai-encore-rien-decide-car-la-situation-nest-pas-claire&#038;id=90064&#038;utm_source=feedburner&#038;utm_medium=feed&#038;utm_campaign=Feed%3A+GalerieFArtciles+%28Les+derniers+articles++-+lebuteur.com%29\">Cliquez ici pour lire l&rsquo;article depuis sa source.<\/a><\/p>\n","protected":false},"excerpt":{"rendered":"<p>Auteur : Youcef M. jeudi 04 juillet 2019 13:25 Apr\u00e8s une saison compliqu\u00e9e et riche en rebondissements, l\u2019ancien entraineur du Nasria, Mohamed Lacet, profite au maximum de ses vacances en famille. L\u2019enfant de Ch\u00e9raga veut d\u00e9compresser, avant de penser \u00e0 son avenir. Joint par nos soins, il met en garde contre tout retard li\u00e9 \u00e0 [&hellip;]<\/p>\n","protected":false},"author":1738,"featured_media":44313,"comment_status":"closed","ping_status":"closed","sticky":false,"template":"","format":"standard","meta":{"fifu_image_url":"","fifu_image_alt":"","footnotes":""},"categories":[53,75],"tags":[],"class_list":["post-44312","post","type-post","status-publish","format-standard","has-post-thumbnail","hentry","category-algerie","category-sport"],"_links":{"self":[{"href":"https:\/\/linitiative.ca\/International\/wp-json\/wp\/v2\/posts\/44312","targetHints":{"allow":["GET"]}}],"collection":[{"href":"https:\/\/linitiative.ca\/International\/wp-json\/wp\/v2\/posts"}],"about":[{"href":"https:\/\/linitiative.ca\/International\/wp-json\/wp\/v2\/types\/post"}],"author":[{"embeddable":true,"href":"https:\/\/linitiative.ca\/International\/wp-json\/wp\/v2\/users\/1738"}],"replies":[{"embeddable":true,"href":"https:\/\/linitiative.ca\/International\/wp-json\/wp\/v2\/comments?post=44312"}],"version-history":[{"count":0,"href":"https:\/\/linitiative.ca\/International\/wp-json\/wp\/v2\/posts\/44312\/revisions"}],"wp:featuredmedia":[{"embeddable":true,"href":"https:\/\/linitiative.ca\/International\/wp-json\/"}],"wp:attachment":[{"href":"https:\/\/linitiative.ca\/International\/wp-json\/wp\/v2\/media?parent=44312"}],"wp:term":[{"taxonomy":"category","embeddable":true,"href":"https:\/\/linitiative.ca\/International\/wp-json\/wp\/v2\/categories?post=44312"},{"taxonomy":"post_tag","embeddable":true,"href":"https:\/\/linitiative.ca\/International\/wp-json\/wp\/v2\/tags?post=44312"}],"curies":[{"name":"wp","href":"https:\/\/api.w.org\/{rel}","templated":true}]}}