{"id":44314,"date":"2019-07-04T15:14:06","date_gmt":"2019-07-04T19:14:06","guid":{"rendered":"https:\/\/linitiative.ca\/International\/ligue-1-2-mca-wankewai-sengage-pour-deux-saisons\/"},"modified":"2019-07-04T15:14:06","modified_gmt":"2019-07-04T19:14:06","slug":"ligue-1-2-mca-wankewai-sengage-pour-deux-saisons","status":"publish","type":"post","link":"https:\/\/linitiative.ca\/International\/ligue-1-2-mca-wankewai-sengage-pour-deux-saisons\/","title":{"rendered":"Ligue 1 &amp; 2 : MCA : Wankewai s\u2019engage pour deux saisons"},"content":{"rendered":"<div readability=\"32\">\n<p>Auteur : <span>Kamel M<\/span> <span class=\"time\">jeudi 04 juillet 2019 13:26<\/span><\/p>\n<\/div>\n<div id=\"post_core\" readability=\"73\">\n<p>Comme pr\u00e9vu, l\u2019attaquant camerounais Rooney Eva Wankewai a sign\u00e9 mardi soir son contrat avec le Mouloudia et qui s\u2019\u00e9talera sur une dur\u00e9e de deux ann\u00e9es. Apr\u00e8s des tests m\u00e9dicaux concluants, l\u2019ex-soci\u00e9taire d\u2019Aittitos Spata FC est pass\u00e9 au reste des n\u00e9gociations en pr\u00e9sence de son manager Paul qui avait d\u00e9j\u00e0 avanc\u00e9 sur le sujet. Il ne restait donc que la dur\u00e9e du contrat et quelques clauses dont celle d\u2019un \u00e9ventuel transfert \u00e0 l\u2019\u00e9tranger, s\u2019il r\u00e9ussit \u00e0 s\u2019imposer avec le Mouloudia, car Wankewai a l\u2019intention de reculer pour mieux sauter, en jetant son d\u00e9volu sur le vieux club alg\u00e9rois afin de retrouver le Vieux continent. \u00c0 l\u2019issue des n\u00e9gociations, les deux parties sont parvenues \u00e0 un terrain d\u2019entente et l\u2019attaquant camerounais est donc la 6e recrue du vieux club alg\u00e9rois.<\/p>\n<p><strong>Ses statistiques plaident pour lui<\/strong><br \/>Le choix de cet attaquant n\u2019est pas fortuit, car Wankewai a disput\u00e9 20 rencontres et a r\u00e9ussi \u00e0 inscrire 14 buts, ce qui atteste qu\u2019il reste un bon attaquant de pointe. Libre de tout engagement, cela aussi a pes\u00e9 dans la d\u00e9cision du Mouloudia de l\u2019engager, car le club n\u2019\u00e9tait pas oblig\u00e9 de n\u00e9gocier sa lettre de lib\u00e9ration. \u00c2g\u00e9 de 22 ans seulement, cet attaquant qui mesure 1,90m est dot\u00e9 d\u2019un fort gabarit, ce qui lui a permis de s\u2019imposer avec son \u00e9quipe et les s\u00e9quences vid\u00e9o visionn\u00e9es que cela soit par le MCA ou par Casoni ont plaid\u00e9 en sa faveur.<\/p>\n<p><strong>Il sera pr\u00e9sent\u00e9 aujourd\u2019hui lors de la reprise de l\u2019entra\u00eenement<\/strong><br \/>Hier matin, le joueur, apr\u00e8s avoir sign\u00e9 son contrat, s\u2019est d\u00e9plac\u00e9 au CNMS pour passer quelques tests m\u00e9dicaux n\u00e9cessaires pour compl\u00e9ter son dossier, une simple formalit\u00e9 \u00e0 accomplir, car il a pass\u00e9 des examens m\u00e9dicaux avant qu\u2019il ne signe son contrat. Le joueur sera pr\u00e9sent\u00e9 au grand public, \u00e0 l\u2019occasion de la reprise de l\u2019entra\u00eenement qui aura lieu aujourd\u2019hui en fin d\u2019apr\u00e8s-midi au stade du 5-Juillet.<\/p>\n<p><strong>Il se d\u00e9placera ce vendredi en Gr\u00e8ce pour ramener ses affaires<\/strong><br \/>Toutefois, le joueur ne sera pas pr\u00e9sent \u00e0 l\u2019entra\u00eenement de ce vendredi, car il se d\u00e9placera en Gr\u00e8ce, afin qu\u2019il puisse r\u00e9cup\u00e9rer ses affaires pour s\u2019installer \u00e0 Alger. La direction du club s\u2019est mise \u00e0 lui rechercher un appartement pour lui assurer l\u2019h\u00e9bergement. Ce qui est certain, c\u2019est qu\u2019il reviendra dimanche pour qu\u2019il soit du voyage avec ses co\u00e9quipiers afin qu\u2019il puisse effectuer le premier stage de pr\u00e9paration \u00e0 A\u00efn Draham.<br \/>\u00a0<\/p>\n<\/div>\n<p>Auteur:<br \/>\n<a href=\"http:\/\/www.lebuteur.com\/article\/detail?titre=mca-wankewai-sengage-pour-deux-saisons&#038;id=90062&#038;utm_source=feedburner&#038;utm_medium=feed&#038;utm_campaign=Feed%3A+GalerieFArtciles+%28Les+derniers+articles++-+lebuteur.com%29\">Cliquez ici pour lire l&rsquo;article depuis sa source.<\/a><\/p>\n","protected":false},"excerpt":{"rendered":"<p>Auteur : Kamel M jeudi 04 juillet 2019 13:26 Comme pr\u00e9vu, l\u2019attaquant camerounais Rooney Eva Wankewai a sign\u00e9 mardi soir son contrat avec le Mouloudia et qui s\u2019\u00e9talera sur une dur\u00e9e de deux ann\u00e9es. Apr\u00e8s des tests m\u00e9dicaux concluants, l\u2019ex-soci\u00e9taire d\u2019Aittitos Spata FC est pass\u00e9 au reste des n\u00e9gociations en pr\u00e9sence de son manager Paul [&hellip;]<\/p>\n","protected":false},"author":1738,"featured_media":44315,"comment_status":"closed","ping_status":"closed","sticky":false,"template":"","format":"standard","meta":{"fifu_image_url":"","fifu_image_alt":"","footnotes":""},"categories":[53,75],"tags":[],"class_list":["post-44314","post","type-post","status-publish","format-standard","has-post-thumbnail","hentry","category-algerie","category-sport"],"_links":{"self":[{"href":"https:\/\/linitiative.ca\/International\/wp-json\/wp\/v2\/posts\/44314","targetHints":{"allow":["GET"]}}],"collection":[{"href":"https:\/\/linitiative.ca\/International\/wp-json\/wp\/v2\/posts"}],"about":[{"href":"https:\/\/linitiative.ca\/International\/wp-json\/wp\/v2\/types\/post"}],"author":[{"embeddable":true,"href":"https:\/\/linitiative.ca\/International\/wp-json\/wp\/v2\/users\/1738"}],"replies":[{"embeddable":true,"href":"https:\/\/linitiative.ca\/International\/wp-json\/wp\/v2\/comments?post=44314"}],"version-history":[{"count":0,"href":"https:\/\/linitiative.ca\/International\/wp-json\/wp\/v2\/posts\/44314\/revisions"}],"wp:featuredmedia":[{"embeddable":true,"href":"https:\/\/linitiative.ca\/International\/wp-json\/"}],"wp:attachment":[{"href":"https:\/\/linitiative.ca\/International\/wp-json\/wp\/v2\/media?parent=44314"}],"wp:term":[{"taxonomy":"category","embeddable":true,"href":"https:\/\/linitiative.ca\/International\/wp-json\/wp\/v2\/categories?post=44314"},{"taxonomy":"post_tag","embeddable":true,"href":"https:\/\/linitiative.ca\/International\/wp-json\/wp\/v2\/tags?post=44314"}],"curies":[{"name":"wp","href":"https:\/\/api.w.org\/{rel}","templated":true}]}}