{"id":44320,"date":"2019-07-04T15:14:10","date_gmt":"2019-07-04T19:14:10","guid":{"rendered":"https:\/\/linitiative.ca\/International\/pros-nantes-pense-a-mehdi-abeid\/"},"modified":"2019-07-04T15:14:10","modified_gmt":"2019-07-04T19:14:10","slug":"pros-nantes-pense-a-mehdi-abeid","status":"publish","type":"post","link":"https:\/\/linitiative.ca\/International\/pros-nantes-pense-a-mehdi-abeid\/","title":{"rendered":"Pros : Nantes pense \u00e0 Mehdi Abeid"},"content":{"rendered":"<div readability=\"32\">\n<p>Auteur : <span class=\"time\">jeudi 04 juillet 2019 16:20<\/span><\/p>\n<\/div>\n<div id=\"post_core\" readability=\"41\">\n<p>D\u00e9sireux de quitter Dijon apr\u00e8s trois saisons pass\u00e9es en Bourgogne, Mehdi Abeid dispose d\u2019une touche assez s\u00e9rieuse avec Nantes. Le milieu de terrain alg\u00e9rien, qui dispute actuellement la Coupe d\u2019Afrique des Nations avec les Fennecs (l\u2019Alg\u00e9rie est qualifi\u00e9e pour les 8emes de finale), est libre de tout contrat et ne co\u00fbterait donc rien aux Canaris. Peut-\u00eatre le joueur de 26 ans peut-il \u00eatre le successeur de Valentin Rongier, qui aimerait voler de ses propres ailes cet \u00e9t\u00e9 et s\u2019en aller de son club formateur. La Fiorentina est notamment sur le coup rapporte mercato365.com.<\/p>\n<p><strong>Publi\u00e9 dans :<\/strong> <span>mehdi abeid<\/span><\/p>\n<\/div>\n<p>Auteur:<br \/>\n<a href=\"http:\/\/www.lebuteur.com\/article\/detail?titre=nantes-pense-a-mehdi-abeid&#038;id=90073&#038;utm_source=feedburner&#038;utm_medium=feed&#038;utm_campaign=Feed%3A+GalerieFArtciles+%28Les+derniers+articles++-+lebuteur.com%29\">Cliquez ici pour lire l&rsquo;article depuis sa source.<\/a><\/p>\n","protected":false},"excerpt":{"rendered":"<p>Auteur : jeudi 04 juillet 2019 16:20 D\u00e9sireux de quitter Dijon apr\u00e8s trois saisons pass\u00e9es en Bourgogne, Mehdi Abeid dispose d\u2019une touche assez s\u00e9rieuse avec Nantes. Le milieu de terrain alg\u00e9rien, qui dispute actuellement la Coupe d\u2019Afrique des Nations avec les Fennecs (l\u2019Alg\u00e9rie est qualifi\u00e9e pour les 8emes de finale), est libre de tout contrat [&hellip;]<\/p>\n","protected":false},"author":1738,"featured_media":44321,"comment_status":"closed","ping_status":"closed","sticky":false,"template":"","format":"standard","meta":{"fifu_image_url":"","fifu_image_alt":"","footnotes":""},"categories":[53,75],"tags":[],"class_list":["post-44320","post","type-post","status-publish","format-standard","has-post-thumbnail","hentry","category-algerie","category-sport"],"_links":{"self":[{"href":"https:\/\/linitiative.ca\/International\/wp-json\/wp\/v2\/posts\/44320","targetHints":{"allow":["GET"]}}],"collection":[{"href":"https:\/\/linitiative.ca\/International\/wp-json\/wp\/v2\/posts"}],"about":[{"href":"https:\/\/linitiative.ca\/International\/wp-json\/wp\/v2\/types\/post"}],"author":[{"embeddable":true,"href":"https:\/\/linitiative.ca\/International\/wp-json\/wp\/v2\/users\/1738"}],"replies":[{"embeddable":true,"href":"https:\/\/linitiative.ca\/International\/wp-json\/wp\/v2\/comments?post=44320"}],"version-history":[{"count":0,"href":"https:\/\/linitiative.ca\/International\/wp-json\/wp\/v2\/posts\/44320\/revisions"}],"wp:featuredmedia":[{"embeddable":true,"href":"https:\/\/linitiative.ca\/International\/wp-json\/"}],"wp:attachment":[{"href":"https:\/\/linitiative.ca\/International\/wp-json\/wp\/v2\/media?parent=44320"}],"wp:term":[{"taxonomy":"category","embeddable":true,"href":"https:\/\/linitiative.ca\/International\/wp-json\/wp\/v2\/categories?post=44320"},{"taxonomy":"post_tag","embeddable":true,"href":"https:\/\/linitiative.ca\/International\/wp-json\/wp\/v2\/tags?post=44320"}],"curies":[{"name":"wp","href":"https:\/\/api.w.org\/{rel}","templated":true}]}}