{"id":44327,"date":"2019-07-03T19:00:00","date_gmt":"2019-07-03T23:00:00","guid":{"rendered":"https:\/\/linitiative.ca\/International\/conseil-executif-de-lua-djamel-bouras-a-niamey\/"},"modified":"2019-07-03T19:00:00","modified_gmt":"2019-07-03T23:00:00","slug":"conseil-executif-de-lua-djamel-bouras-a-niamey","status":"publish","type":"post","link":"https:\/\/linitiative.ca\/International\/conseil-executif-de-lua-djamel-bouras-a-niamey\/","title":{"rendered":"Conseil ex\u00e9cutif de l\u2019UA      : Djamel Bouras \u00e0 Niamey"},"content":{"rendered":"<div>Une d\u00e9l\u00e9gation de l&rsquo;Assembl\u00e9e populaire nationale prendra part, \u00e0 partir d\u2019aujourd\u2019hui \u00e0 Niamey (Niger), \u00e0 la 35e session ordinaire du Conseil ex\u00e9cutif de l&rsquo;Union et \u00e0 la 12e session extraordinaire de l&rsquo;Assembl\u00e9e de l&rsquo;UA.<img loading=\"lazy\" decoding=\"async\" src=\"http:\/\/feeds.feedburner.com\/~r\/ElmoudjahidArticles\/~4\/EesrRhusad0\" height=\"1\" width=\"1\" alt=\"\"><\/div>\n<p>Auteur: elmoudjahid<br \/>\n<a href=\"http:\/\/feedproxy.google.com\/~r\/ElmoudjahidArticles\/~3\/EesrRhusad0\/138907\">Cliquez ici pour lire l&rsquo;article depuis sa source.<\/a><\/p>\n","protected":false},"excerpt":{"rendered":"<p>Une d\u00e9l\u00e9gation de l&rsquo;Assembl\u00e9e populaire nationale prendra part, \u00e0 partir d\u2019aujourd\u2019hui \u00e0 Niamey (Niger), \u00e0 la 35e session ordinaire du Conseil ex\u00e9cutif de l&rsquo;Union et \u00e0 la 12e session extraordinaire de l&rsquo;Assembl\u00e9e de l&rsquo;UA. Auteur: elmoudjahid Cliquez ici pour lire l&rsquo;article depuis sa source.<\/p>\n","protected":false},"author":1744,"featured_media":0,"comment_status":"closed","ping_status":"closed","sticky":false,"template":"","format":"standard","meta":{"fifu_image_url":"","fifu_image_alt":"","footnotes":""},"categories":[73,53],"tags":[],"class_list":["post-44327","post","type-post","status-publish","format-standard","hentry","category-actualite","category-algerie"],"_links":{"self":[{"href":"https:\/\/linitiative.ca\/International\/wp-json\/wp\/v2\/posts\/44327","targetHints":{"allow":["GET"]}}],"collection":[{"href":"https:\/\/linitiative.ca\/International\/wp-json\/wp\/v2\/posts"}],"about":[{"href":"https:\/\/linitiative.ca\/International\/wp-json\/wp\/v2\/types\/post"}],"author":[{"embeddable":true,"href":"https:\/\/linitiative.ca\/International\/wp-json\/wp\/v2\/users\/1744"}],"replies":[{"embeddable":true,"href":"https:\/\/linitiative.ca\/International\/wp-json\/wp\/v2\/comments?post=44327"}],"version-history":[{"count":0,"href":"https:\/\/linitiative.ca\/International\/wp-json\/wp\/v2\/posts\/44327\/revisions"}],"wp:attachment":[{"href":"https:\/\/linitiative.ca\/International\/wp-json\/wp\/v2\/media?parent=44327"}],"wp:term":[{"taxonomy":"category","embeddable":true,"href":"https:\/\/linitiative.ca\/International\/wp-json\/wp\/v2\/categories?post=44327"},{"taxonomy":"post_tag","embeddable":true,"href":"https:\/\/linitiative.ca\/International\/wp-json\/wp\/v2\/tags?post=44327"}],"curies":[{"name":"wp","href":"https:\/\/api.w.org\/{rel}","templated":true}]}}