{"id":44328,"date":"2019-07-03T19:00:00","date_gmt":"2019-07-03T23:00:00","guid":{"rendered":"https:\/\/linitiative.ca\/International\/organisation-pour-la-securite-et-la-cooperation-en-europe-une-delegation-parlementaire-a-luxembourg\/"},"modified":"2019-07-03T19:00:00","modified_gmt":"2019-07-03T23:00:00","slug":"organisation-pour-la-securite-et-la-cooperation-en-europe-une-delegation-parlementaire-a-luxembourg","status":"publish","type":"post","link":"https:\/\/linitiative.ca\/International\/organisation-pour-la-securite-et-la-cooperation-en-europe-une-delegation-parlementaire-a-luxembourg\/","title":{"rendered":"Organisation pour la s\u00e9curit\u00e9 et la coop\u00e9ration en Europe  : Une d\u00e9l\u00e9gation parlementaire \u00e0 Luxembourg"},"content":{"rendered":"<div>Une d\u00e9l\u00e9gation des deux chambres du Parlement prendra part \u00e0 la session annuelle de l&rsquo;Assembl\u00e9e parlementaire de l&rsquo;Organisation pour la s\u00e9curit\u00e9 et la coop\u00e9ration en Europe (AP-OSCE), du 4 au 8 juillet \u00e0 Luxembourg.<img loading=\"lazy\" decoding=\"async\" src=\"http:\/\/feeds.feedburner.com\/~r\/ElmoudjahidArticles\/~4\/fhqmdZL5lp0\" height=\"1\" width=\"1\" alt=\"\"><\/div>\n<p>Auteur: elmoudjahid<br \/>\n<a href=\"http:\/\/feedproxy.google.com\/~r\/ElmoudjahidArticles\/~3\/fhqmdZL5lp0\/138908\">Cliquez ici pour lire l&rsquo;article depuis sa source.<\/a><\/p>\n","protected":false},"excerpt":{"rendered":"<p>Une d\u00e9l\u00e9gation des deux chambres du Parlement prendra part \u00e0 la session annuelle de l&rsquo;Assembl\u00e9e parlementaire de l&rsquo;Organisation pour la s\u00e9curit\u00e9 et la coop\u00e9ration en Europe (AP-OSCE), du 4 au 8 juillet \u00e0 Luxembourg. Auteur: elmoudjahid Cliquez ici pour lire l&rsquo;article depuis sa source.<\/p>\n","protected":false},"author":1744,"featured_media":0,"comment_status":"closed","ping_status":"closed","sticky":false,"template":"","format":"standard","meta":{"fifu_image_url":"","fifu_image_alt":"","footnotes":""},"categories":[73,53],"tags":[],"class_list":["post-44328","post","type-post","status-publish","format-standard","hentry","category-actualite","category-algerie"],"_links":{"self":[{"href":"https:\/\/linitiative.ca\/International\/wp-json\/wp\/v2\/posts\/44328","targetHints":{"allow":["GET"]}}],"collection":[{"href":"https:\/\/linitiative.ca\/International\/wp-json\/wp\/v2\/posts"}],"about":[{"href":"https:\/\/linitiative.ca\/International\/wp-json\/wp\/v2\/types\/post"}],"author":[{"embeddable":true,"href":"https:\/\/linitiative.ca\/International\/wp-json\/wp\/v2\/users\/1744"}],"replies":[{"embeddable":true,"href":"https:\/\/linitiative.ca\/International\/wp-json\/wp\/v2\/comments?post=44328"}],"version-history":[{"count":0,"href":"https:\/\/linitiative.ca\/International\/wp-json\/wp\/v2\/posts\/44328\/revisions"}],"wp:attachment":[{"href":"https:\/\/linitiative.ca\/International\/wp-json\/wp\/v2\/media?parent=44328"}],"wp:term":[{"taxonomy":"category","embeddable":true,"href":"https:\/\/linitiative.ca\/International\/wp-json\/wp\/v2\/categories?post=44328"},{"taxonomy":"post_tag","embeddable":true,"href":"https:\/\/linitiative.ca\/International\/wp-json\/wp\/v2\/tags?post=44328"}],"curies":[{"name":"wp","href":"https:\/\/api.w.org\/{rel}","templated":true}]}}