{"id":44329,"date":"2019-07-03T19:00:00","date_gmt":"2019-07-03T23:00:00","guid":{"rendered":"https:\/\/linitiative.ca\/International\/commentaire-assurances-et-engagements\/"},"modified":"2019-07-03T19:00:00","modified_gmt":"2019-07-03T23:00:00","slug":"commentaire-assurances-et-engagements","status":"publish","type":"post","link":"https:\/\/linitiative.ca\/International\/commentaire-assurances-et-engagements\/","title":{"rendered":"Commentaire : Assurances  et  engagements"},"content":{"rendered":"<div>En d\u00e9clarant officiellement que l\u2019\u00c9tat garantira le versement des pensions de retraite durant les prochaines ann\u00e9es, le ministre du Travail et de la S\u00e9curit\u00e9 sociale aura rassur\u00e9 d\u00e9finitivement les retrait\u00e9s sur la d\u00e9termination des pouvoirs publics \u00e0 continuer \u00e0 honorer ses engagements en direction de cette cat\u00e9gorie sociale.<img loading=\"lazy\" decoding=\"async\" src=\"http:\/\/feeds.feedburner.com\/~r\/ElmoudjahidArticles\/~4\/YfCC8q7JFkY\" height=\"1\" width=\"1\" alt=\"\"><\/div>\n<p>Auteur: elmoudjahid<br \/>\n<a href=\"http:\/\/feedproxy.google.com\/~r\/ElmoudjahidArticles\/~3\/YfCC8q7JFkY\/138909\">Cliquez ici pour lire l&rsquo;article depuis sa source.<\/a><\/p>\n","protected":false},"excerpt":{"rendered":"<p>En d\u00e9clarant officiellement que l\u2019\u00c9tat garantira le versement des pensions de retraite durant les prochaines ann\u00e9es, le ministre du Travail et de la S\u00e9curit\u00e9 sociale aura rassur\u00e9 d\u00e9finitivement les retrait\u00e9s sur la d\u00e9termination des pouvoirs publics \u00e0 continuer \u00e0 honorer ses engagements en direction de cette cat\u00e9gorie sociale. Auteur: elmoudjahid Cliquez ici pour lire l&rsquo;article [&hellip;]<\/p>\n","protected":false},"author":1744,"featured_media":0,"comment_status":"closed","ping_status":"closed","sticky":false,"template":"","format":"standard","meta":{"fifu_image_url":"","fifu_image_alt":"","footnotes":""},"categories":[73,53],"tags":[],"class_list":["post-44329","post","type-post","status-publish","format-standard","hentry","category-actualite","category-algerie"],"_links":{"self":[{"href":"https:\/\/linitiative.ca\/International\/wp-json\/wp\/v2\/posts\/44329","targetHints":{"allow":["GET"]}}],"collection":[{"href":"https:\/\/linitiative.ca\/International\/wp-json\/wp\/v2\/posts"}],"about":[{"href":"https:\/\/linitiative.ca\/International\/wp-json\/wp\/v2\/types\/post"}],"author":[{"embeddable":true,"href":"https:\/\/linitiative.ca\/International\/wp-json\/wp\/v2\/users\/1744"}],"replies":[{"embeddable":true,"href":"https:\/\/linitiative.ca\/International\/wp-json\/wp\/v2\/comments?post=44329"}],"version-history":[{"count":0,"href":"https:\/\/linitiative.ca\/International\/wp-json\/wp\/v2\/posts\/44329\/revisions"}],"wp:attachment":[{"href":"https:\/\/linitiative.ca\/International\/wp-json\/wp\/v2\/media?parent=44329"}],"wp:term":[{"taxonomy":"category","embeddable":true,"href":"https:\/\/linitiative.ca\/International\/wp-json\/wp\/v2\/categories?post=44329"},{"taxonomy":"post_tag","embeddable":true,"href":"https:\/\/linitiative.ca\/International\/wp-json\/wp\/v2\/tags?post=44329"}],"curies":[{"name":"wp","href":"https:\/\/api.w.org\/{rel}","templated":true}]}}