{"id":44330,"date":"2019-07-03T19:00:00","date_gmt":"2019-07-03T23:00:00","guid":{"rendered":"https:\/\/linitiative.ca\/International\/dialogue-national-inclusif-sur-la-prochaine-echeance-presidentielle-letat-ne-sera-pas-partie-prenante\/"},"modified":"2019-07-03T19:00:00","modified_gmt":"2019-07-03T23:00:00","slug":"dialogue-national-inclusif-sur-la-prochaine-echeance-presidentielle-letat-ne-sera-pas-partie-prenante","status":"publish","type":"post","link":"https:\/\/linitiative.ca\/International\/dialogue-national-inclusif-sur-la-prochaine-echeance-presidentielle-letat-ne-sera-pas-partie-prenante\/","title":{"rendered":"Dialogue national inclusif sur la prochaine \u00e9ch\u00e9ance pr\u00e9sidentielle : \u00ab L\u2019Etat ne sera pas partie prenante \u00bb"},"content":{"rendered":"<div>Le chef de l&rsquo;\u00c9tat Abdelkader Bensalah a lanc\u00e9, hier, un nouvel appel pour \u00abun dialogue national inclusif\u00bb sur la prochaine \u00e9ch\u00e9ance pr\u00e9sidentielle, assurant que l&rsquo;\u00c9tat, y compris l&rsquo;institution militaire,  ne sera \u00abpas partie prenante \u00e0 ce dialogue\u00bb.<img loading=\"lazy\" decoding=\"async\" src=\"http:\/\/feeds.feedburner.com\/~r\/ElmoudjahidArticles\/~4\/_kBwgaFx5b0\" height=\"1\" width=\"1\" alt=\"\"><\/div>\n<p>Auteur: elmoudjahid<br \/>\n<a href=\"http:\/\/feedproxy.google.com\/~r\/ElmoudjahidArticles\/~3\/_kBwgaFx5b0\/138910\">Cliquez ici pour lire l&rsquo;article depuis sa source.<\/a><\/p>\n","protected":false},"excerpt":{"rendered":"<p>Le chef de l&rsquo;\u00c9tat Abdelkader Bensalah a lanc\u00e9, hier, un nouvel appel pour \u00abun dialogue national inclusif\u00bb sur la prochaine \u00e9ch\u00e9ance pr\u00e9sidentielle, assurant que l&rsquo;\u00c9tat, y compris l&rsquo;institution militaire, ne sera \u00abpas partie prenante \u00e0 ce dialogue\u00bb. Auteur: elmoudjahid Cliquez ici pour lire l&rsquo;article depuis sa source.<\/p>\n","protected":false},"author":1744,"featured_media":0,"comment_status":"closed","ping_status":"closed","sticky":false,"template":"","format":"standard","meta":{"fifu_image_url":"","fifu_image_alt":"","footnotes":""},"categories":[73,53],"tags":[],"class_list":["post-44330","post","type-post","status-publish","format-standard","hentry","category-actualite","category-algerie"],"_links":{"self":[{"href":"https:\/\/linitiative.ca\/International\/wp-json\/wp\/v2\/posts\/44330","targetHints":{"allow":["GET"]}}],"collection":[{"href":"https:\/\/linitiative.ca\/International\/wp-json\/wp\/v2\/posts"}],"about":[{"href":"https:\/\/linitiative.ca\/International\/wp-json\/wp\/v2\/types\/post"}],"author":[{"embeddable":true,"href":"https:\/\/linitiative.ca\/International\/wp-json\/wp\/v2\/users\/1744"}],"replies":[{"embeddable":true,"href":"https:\/\/linitiative.ca\/International\/wp-json\/wp\/v2\/comments?post=44330"}],"version-history":[{"count":0,"href":"https:\/\/linitiative.ca\/International\/wp-json\/wp\/v2\/posts\/44330\/revisions"}],"wp:attachment":[{"href":"https:\/\/linitiative.ca\/International\/wp-json\/wp\/v2\/media?parent=44330"}],"wp:term":[{"taxonomy":"category","embeddable":true,"href":"https:\/\/linitiative.ca\/International\/wp-json\/wp\/v2\/categories?post=44330"},{"taxonomy":"post_tag","embeddable":true,"href":"https:\/\/linitiative.ca\/International\/wp-json\/wp\/v2\/tags?post=44330"}],"curies":[{"name":"wp","href":"https:\/\/api.w.org\/{rel}","templated":true}]}}