{"id":44359,"date":"2019-07-04T05:01:30","date_gmt":"2019-07-04T09:01:30","guid":{"rendered":"https:\/\/linitiative.ca\/International\/cs-constantine-ziouche-et-benmessaoud-en-renfort\/"},"modified":"2019-07-04T05:01:30","modified_gmt":"2019-07-04T09:01:30","slug":"cs-constantine-ziouche-et-benmessaoud-en-renfort","status":"publish","type":"post","link":"https:\/\/linitiative.ca\/International\/cs-constantine-ziouche-et-benmessaoud-en-renfort\/","title":{"rendered":"CS Constantine :\u00a0Ziouche et Benmessaoud en renfort"},"content":{"rendered":"<h4 class=\"title-14\"\/>\n<div class=\"featured_image\"><img width=\"800\" height=\"508\" data-cfsrc=\"https:\/\/www.elwatan.com\/wp-content\/uploads\/2019\/07\/photo-CSCNB.gif\" class=\"attachment-post-thumbnail size-post-thumbnail wp-post-image c1\" alt=\"\"\/><noscript><\/p>\n<p><img loading=\"lazy\" decoding=\"async\" width=\"800\" height=\"508\" src=\"https:\/\/www.elwatan.com\/wp-content\/uploads\/2019\/07\/photo-CSCNB.gif\" class=\"attachment-post-thumbnail size-post-thumbnail wp-post-image\" alt=\"\"\/><\/p>\n<p><\/noscript><\/div>\n<p class=\"p4\"><span class=\"s1\"><strong>A<\/strong><\/span><span class=\"s1\">pr\u00e8s l\u2019avant-centre du MO B\u00e9ja\u00efa, Amokrane, l\u2019antique club a jet\u00e9 son d\u00e9volu sur le joueur de l\u2019autre \u00e9quipe de la ville, Kamel Benmessaoud, milieu offensif de 28 ans qui \u00e9voluait depuis deux ans \u00e0 la JSMB. Autre engagement, celui d\u2019Ayache Ziouche (24 ans), ex-Ententiste qui a acc\u00e9d\u00e9 la saison pass\u00e9e en Ligue 1 avec le NC Magra.<\/span><\/p>\n<p class=\"p5\"><span class=\"s1\">Ainsi, les choses semblent s\u2019acc\u00e9l\u00e9rer au sein de la maison des Vert et Noir depuis l\u2019entr\u00e9e en fonction d\u2019Adl\u00e8ne Boukhedenna, qui a anim\u00e9 hier, \u00e0 l\u2019occasion de la pr\u00e9sentation de Benmessaoud, une conf\u00e9rence de presse au cours de laquelle il est revenu sur l\u2019actualit\u00e9 du club, notamment sur le mercato d\u2019intersaison.<\/span><\/p>\n<p class=\"p5\"><span class=\"s1\">A ce propos, le nouveau manager g\u00e9n\u00e9ral a d\u00e9clar\u00e9\u00a0: <em>\u00ab\u2009En football, le temps est un facteur tr\u00e8s important, et il est clair que, pour des raisons que tout le monde conna\u00eet, nous nous sommes pris tr\u00e8s en retard en ce qui concerne le recrutement. Certes, ce sont les m\u00eames noms qui reviennent sur le march\u00e9, mais nous avons nos propres crit\u00e8res.<\/em><\/span><\/p>\n<p class=\"p5\"><span class=\"s1\"><em>L\u2019entra\u00eeneur Denis Lavagne nous a indiqu\u00e9 les postes \u00e0 pourvoir et a propos\u00e9 une liste de joueurs, mais nous avons aussi notre mot \u00e0 dire, en ce sens que les \u00e9l\u00e9ments cibl\u00e9s doivent correspondre \u00e0 un certain profil, notamment pour ce qui a trait \u00e0 la force mentale.\u00bb<\/em> Et d\u2019ajouter, \u00e0 propos de la pr\u00e9sence \u00e0 la s\u00e9ance de reprise des entra\u00eenements, mardi matin, de seulement trois joueurs de l\u2019effectif senior : <em>\u00ab\u2009Je dirais que c\u2019est normal, vu que toutes les \u00e9quipes ne commencent pas au complet.<\/em><\/span><\/p>\n<p class=\"p5\"><span class=\"s1\"><em>L\u2019essentiel est que tout le monde soit l\u00e0 \u00e0 partir de dimanche prochain, date du premier stage de pr\u00e9paration.\u2009\u00bb<\/em> Concernant le cas des joueurs Belkhe\u00efr, qui vient de signer au MC Alger, Benayada, qui insiste pour rejoindre le championnat belge, et Abid, qui n\u2019a pas encore renouvel\u00e9, Boukhedenna a soutenu que le premier \u00e9tait d\u00e9termin\u00e9 \u00e0 partir, et ce, contrairement \u00e0 ses d\u00e9clarations.<\/span><\/p>\n<p class=\"p5\"><span class=\"s1\">Preuve en est le fait que les Alg\u00e9rois ne lui ont propos\u00e9 que 10 millions de centimes de plus que ce qu\u2019il touche \u00e0 Constantine. Au sujet de Benayada, il a affirm\u00e9 que ce dernier, encore sous contrat avec le CSC, \u00e9tait dans l\u2019obligation de n\u00e9gocier sa lettre de lib\u00e9ration, et que son r\u00f4le de manager g\u00e9n\u00e9ral \u00e9tait justement de veiller sur les int\u00e9r\u00eats de son club employeur.<\/span><\/p>\n<p class=\"p5\"><span class=\"s1\">Quant \u00e0 Mohamed Lamine Abid, notre interlocuteur a laiss\u00e9 entendre que l\u2019avant-centre, auteur d\u2019une saison en demi-teinte, devait n\u00e9gocier \u00e0 la baisse son salaire. Adl\u00e8neBoukhedenna a r\u00e9v\u00e9l\u00e9, dans la foul\u00e9e, la signature imminente de Zinedine Benyahia, arri\u00e8re droit de l\u2019AS A\u00efn M\u2019lila, ainsi que la d\u00e9fection d\u2019El Hadi Khezzar, annonc\u00e9 comme futur adjoint de Lavagne, en raison d\u2019engagements familiaux.<\/span><\/p>\n<p><span class=\"post-views-label\">Post Views:<\/span> <span class=\"post-views-count\">78<\/span><\/p>\n<p>Auteur: Anis Khecheba<br \/>\n<a href=\"https:\/\/www.elwatan.com\/edition\/sports\/cs-constantine-ziouche-et-benmessaoud-en-renfort-04-07-2019\">Cliquez ici pour lire l&rsquo;article depuis sa source.<\/a><\/p>\n","protected":false},"excerpt":{"rendered":"<p>Apr\u00e8s l\u2019avant-centre du MO B\u00e9ja\u00efa, Amokrane, l\u2019antique club a jet\u00e9 son d\u00e9volu sur le joueur de l\u2019autre \u00e9quipe de la ville, Kamel Benmessaoud, milieu offensif de 28 ans qui \u00e9voluait depuis deux ans \u00e0 la JSMB. Autre engagement, celui d\u2019Ayache Ziouche (24 ans), ex-Ententiste qui a acc\u00e9d\u00e9 la saison pass\u00e9e en Ligue 1 avec le [&hellip;]<\/p>\n","protected":false},"author":1743,"featured_media":44360,"comment_status":"closed","ping_status":"closed","sticky":false,"template":"","format":"standard","meta":{"fifu_image_url":"","fifu_image_alt":"","footnotes":""},"categories":[73,53],"tags":[],"class_list":["post-44359","post","type-post","status-publish","format-standard","has-post-thumbnail","hentry","category-actualite","category-algerie"],"_links":{"self":[{"href":"https:\/\/linitiative.ca\/International\/wp-json\/wp\/v2\/posts\/44359","targetHints":{"allow":["GET"]}}],"collection":[{"href":"https:\/\/linitiative.ca\/International\/wp-json\/wp\/v2\/posts"}],"about":[{"href":"https:\/\/linitiative.ca\/International\/wp-json\/wp\/v2\/types\/post"}],"author":[{"embeddable":true,"href":"https:\/\/linitiative.ca\/International\/wp-json\/wp\/v2\/users\/1743"}],"replies":[{"embeddable":true,"href":"https:\/\/linitiative.ca\/International\/wp-json\/wp\/v2\/comments?post=44359"}],"version-history":[{"count":0,"href":"https:\/\/linitiative.ca\/International\/wp-json\/wp\/v2\/posts\/44359\/revisions"}],"wp:featuredmedia":[{"embeddable":true,"href":"https:\/\/linitiative.ca\/International\/wp-json\/"}],"wp:attachment":[{"href":"https:\/\/linitiative.ca\/International\/wp-json\/wp\/v2\/media?parent=44359"}],"wp:term":[{"taxonomy":"category","embeddable":true,"href":"https:\/\/linitiative.ca\/International\/wp-json\/wp\/v2\/categories?post=44359"},{"taxonomy":"post_tag","embeddable":true,"href":"https:\/\/linitiative.ca\/International\/wp-json\/wp\/v2\/tags?post=44359"}],"curies":[{"name":"wp","href":"https:\/\/api.w.org\/{rel}","templated":true}]}}