{"id":44361,"date":"2019-07-04T05:01:46","date_gmt":"2019-07-04T09:01:46","guid":{"rendered":"https:\/\/linitiative.ca\/International\/la-participation-algerienne-aux-ja-reduite\/"},"modified":"2019-07-04T05:01:46","modified_gmt":"2019-07-04T09:01:46","slug":"la-participation-algerienne-aux-ja-reduite","status":"publish","type":"post","link":"https:\/\/linitiative.ca\/International\/la-participation-algerienne-aux-ja-reduite\/","title":{"rendered":"\u00abLa participation alg\u00e9rienne aux JA r\u00e9duite\u00bb"},"content":{"rendered":"<h4 class=\"title-14\">Mustapha Berraf. Pr\u00e9sident du COA<\/h4>\n<p class=\"p4\"><span class=\"s1\">La participation alg\u00e9rienne aux 12<sup>es<\/sup> Jeux africains du Maroc est r\u00e9duite \u00e0 400 sportifs, repr\u00e9sentants 26 disciplines au lieu de 500, comme annonc\u00e9 initialement.<\/span><\/p>\n<p class=\"p4\"><span class=\"s1\">Ce chiffre peut \u00eatre revu \u00e0 la baisse, a annonc\u00e9, hier, le pr\u00e9sident du Comit\u00e9 olympique alg\u00e9rien (COA), Mustapha Berraf, lors d\u2019un point de presse organis\u00e9 au si\u00e8ge de l\u2019instance qu\u2019il dirige : <em>\u00abCe sont les recommandations et exigences du ministre de la Jeunesse et des Sports, Raouf Bernaoui, qui insiste pour une repr\u00e9sentation de qualit\u00e9.<\/em><\/span><\/p>\n<p class=\"p4\"><span class=\"s1\"><em>A ce titre, les pr\u00e9sidents des f\u00e9d\u00e9rations sportives, qui se sont r\u00e9unis il y a quelques jours, sont tenus par l\u2019obligation de r\u00e9sultats.<\/em><\/span><\/p>\n<p class=\"p4\"><span class=\"s1\"><em>Le d\u00e9part de la d\u00e9l\u00e9gation alg\u00e9rienne au Maroc se fera en cinq contingents, dont le premier vol sp\u00e9cial est pr\u00e9vu le 15 ao\u00fbt, soit la veille de l\u2019entr\u00e9e en lice de l\u2019EN de football, de beach-volley et de judo, alors que la c\u00e9r\u00e9monie d\u2019ouverture est pr\u00e9vue le 19 ao\u00fbt \u00e0 Rabat.\u00bb<\/em> A propos des prochains JM 2021 qu\u2019abritera Oran, Berraf s\u2019est dit tr\u00e8s satisfait <em>\u00abde l\u2019avancement des pr\u00e9paratifs qui se d\u00e9roulent dans les meilleures conditions.<\/em><\/span><\/p>\n<p class=\"p4\"><span class=\"s1\"><em>Une r\u00e9union est pr\u00e9vue \u00e0 Oran du 16 au 19 juillet entre le pr\u00e9sident du COJM, les repr\u00e9sentants du COA et le secr\u00e9taire g\u00e9n\u00e9ral du CIJM, le Fran\u00e7ais Bernard Amsalem\u00bb<\/em>.<\/span><\/p>\n<p class=\"p4\"><span class=\"s1\">A la question d\u2019un journaliste sur la prestation de l\u2019EN qui dispute actuellement la CAN au Caire, Berraf r\u00e9pond : <em>\u00abJe suis emball\u00e9 par l\u2019\u00e9volution positive de notre ch\u00e8re \u00e9quipe nationale. Je suis fort rassur\u00e9 que notre \u00e9quipe ait retrouv\u00e9 son v\u00e9ritable football tant souhait\u00e9.<\/em><\/span><\/p>\n<p class=\"p4\"><span class=\"s1\"><em>Jusqu\u2019ici, elle a d\u00e9montr\u00e9 qu\u2019elle est en mesure d\u2019aller loin dans la comp\u00e9tition. Je serai content de voir l\u2019\u00e9quipe d\u2019Alg\u00e9rie atteindre la finale le 19 juillet \u00e0 laquelle j\u2019assisterai.\u00bb<\/em><\/span><\/p>\n<p class=\"p4\"><span class=\"s1\">Elu r\u00e9cemment membre du CIO, il r\u00e9v\u00e8lera \u00e0 la fin de son intervention que le CR Belouizdad affrontera l\u2019O Marseille le 30 de ce mois au stade du 5 Juillet dans le cadre d\u2019un partenariat entre les deux clubs.<\/span><\/p>\n<p><span class=\"post-views-label\">Post Views:<\/span> <span class=\"post-views-count\">106<\/span><\/p>\n<p>Auteur: Anis Khecheba<br \/>\n<a href=\"https:\/\/www.elwatan.com\/edition\/sports\/la-participation-algerienne-aux-ja-reduite-04-07-2019\">Cliquez ici pour lire l&rsquo;article depuis sa source.<\/a><\/p>\n","protected":false},"excerpt":{"rendered":"<p>Mustapha Berraf. Pr\u00e9sident du COA La participation alg\u00e9rienne aux 12es Jeux africains du Maroc est r\u00e9duite \u00e0 400 sportifs, repr\u00e9sentants 26 disciplines au lieu de 500, comme annonc\u00e9 initialement. Ce chiffre peut \u00eatre revu \u00e0 la baisse, a annonc\u00e9, hier, le pr\u00e9sident du Comit\u00e9 olympique alg\u00e9rien (COA), Mustapha Berraf, lors d\u2019un point de presse organis\u00e9 [&hellip;]<\/p>\n","protected":false},"author":1743,"featured_media":0,"comment_status":"closed","ping_status":"closed","sticky":false,"template":"","format":"standard","meta":{"fifu_image_url":"","fifu_image_alt":"","footnotes":""},"categories":[73,53],"tags":[],"class_list":["post-44361","post","type-post","status-publish","format-standard","hentry","category-actualite","category-algerie"],"_links":{"self":[{"href":"https:\/\/linitiative.ca\/International\/wp-json\/wp\/v2\/posts\/44361","targetHints":{"allow":["GET"]}}],"collection":[{"href":"https:\/\/linitiative.ca\/International\/wp-json\/wp\/v2\/posts"}],"about":[{"href":"https:\/\/linitiative.ca\/International\/wp-json\/wp\/v2\/types\/post"}],"author":[{"embeddable":true,"href":"https:\/\/linitiative.ca\/International\/wp-json\/wp\/v2\/users\/1743"}],"replies":[{"embeddable":true,"href":"https:\/\/linitiative.ca\/International\/wp-json\/wp\/v2\/comments?post=44361"}],"version-history":[{"count":0,"href":"https:\/\/linitiative.ca\/International\/wp-json\/wp\/v2\/posts\/44361\/revisions"}],"wp:attachment":[{"href":"https:\/\/linitiative.ca\/International\/wp-json\/wp\/v2\/media?parent=44361"}],"wp:term":[{"taxonomy":"category","embeddable":true,"href":"https:\/\/linitiative.ca\/International\/wp-json\/wp\/v2\/categories?post=44361"},{"taxonomy":"post_tag","embeddable":true,"href":"https:\/\/linitiative.ca\/International\/wp-json\/wp\/v2\/tags?post=44361"}],"curies":[{"name":"wp","href":"https:\/\/api.w.org\/{rel}","templated":true}]}}