{"id":44362,"date":"2019-07-04T05:01:49","date_gmt":"2019-07-04T09:01:49","guid":{"rendered":"https:\/\/linitiative.ca\/International\/mo-bejaia-gharbi-deuxieme-recrue-estivale\/"},"modified":"2019-07-04T05:01:49","modified_gmt":"2019-07-04T09:01:49","slug":"mo-bejaia-gharbi-deuxieme-recrue-estivale","status":"publish","type":"post","link":"https:\/\/linitiative.ca\/International\/mo-bejaia-gharbi-deuxieme-recrue-estivale\/","title":{"rendered":"MO B\u00e9ja\u00efa :\u00a0Gharbi, deuxi\u00e8me recrue estivale"},"content":{"rendered":"<h4 class=\"title-14\"\/>\n<p class=\"p4\"><span class=\"s1\"><strong>A\u00a0<\/strong><\/span>la recherche des \u00e9l\u00e9ments en mesure de donner un plus \u00e0 l\u2019\u00e9quipe, l\u2019effectif du MO B\u00e9ja\u00efa s\u2019est renforc\u00e9 par l\u2019arriv\u00e9e d\u2019une deuxi\u00e8me recrue en cette p\u00e9riode estivale.<\/p>\n<p class=\"p4\">Il s\u2019agit de l\u2019ex-pensionnaire de la formation du CA Bordj Bou Arr\u00e9ridj, en l\u2019occurrence Messaoud Gharbi (36 ans), qui a sign\u00e9 un contrat de deux saisons au profit du MOB.<\/p>\n<p class=\"p4\">Par ailleurs, le d\u00e9fenseur Debbari a r\u00e9sili\u00e9 son contrat apr\u00e8s avoir \u00e9mis le v\u0153u de quitter le club et de rejoindre l\u2019une des \u00e9quipes qui a sollicit\u00e9 ses services cet \u00e9t\u00e9.<\/p>\n<p class=\"p4\"><span class=\"s1\">Sur un autre registre, une r\u00e9union de travail a eu lieu entre le pr\u00e9sident, Akli Adrar et l\u2019entra\u00eeneur, Youcef Bouzid concernant le programme de la pr\u00e9paration avec notamment la reprise des entrainements programm\u00e9e pour ce samedi au stade de l\u2019UMA.<\/span><\/p>\n<p class=\"p4\"><span class=\"s1\">Sur un autre volet, le MOB est toujours menac\u00e9 d\u2019\u00e9voluer \u00e0 l\u2019ext\u00e9rieur la saison prochaine puisque la direction de l\u2019OPOW et la DJS de B\u00e9ja\u00efa n\u2019ont pas entam\u00e9 les gros travaux pour lever les r\u00e9serves de la commission d\u2019homologation des stades d\u00e9pendant de la Ligue de football professionnel, notamment en ce qui concerne l\u2019\u00e9tat de la pelouse du stade de l\u2019UMA.<\/span><\/p>\n<p><span class=\"post-views-label\">Post Views:<\/span> <span class=\"post-views-count\">45<\/span><\/p>\n<p>Auteur: Anis Khecheba<br \/>\n<a href=\"https:\/\/www.elwatan.com\/edition\/sports\/mo-bejaia-gharbi-deuxieme-recrue-estivale-04-07-2019\">Cliquez ici pour lire l&rsquo;article depuis sa source.<\/a><\/p>\n","protected":false},"excerpt":{"rendered":"<p>A\u00a0la recherche des \u00e9l\u00e9ments en mesure de donner un plus \u00e0 l\u2019\u00e9quipe, l\u2019effectif du MO B\u00e9ja\u00efa s\u2019est renforc\u00e9 par l\u2019arriv\u00e9e d\u2019une deuxi\u00e8me recrue en cette p\u00e9riode estivale. Il s\u2019agit de l\u2019ex-pensionnaire de la formation du CA Bordj Bou Arr\u00e9ridj, en l\u2019occurrence Messaoud Gharbi (36 ans), qui a sign\u00e9 un contrat de deux saisons au profit [&hellip;]<\/p>\n","protected":false},"author":1743,"featured_media":0,"comment_status":"closed","ping_status":"closed","sticky":false,"template":"","format":"standard","meta":{"fifu_image_url":"","fifu_image_alt":"","footnotes":""},"categories":[73,53],"tags":[],"class_list":["post-44362","post","type-post","status-publish","format-standard","hentry","category-actualite","category-algerie"],"_links":{"self":[{"href":"https:\/\/linitiative.ca\/International\/wp-json\/wp\/v2\/posts\/44362","targetHints":{"allow":["GET"]}}],"collection":[{"href":"https:\/\/linitiative.ca\/International\/wp-json\/wp\/v2\/posts"}],"about":[{"href":"https:\/\/linitiative.ca\/International\/wp-json\/wp\/v2\/types\/post"}],"author":[{"embeddable":true,"href":"https:\/\/linitiative.ca\/International\/wp-json\/wp\/v2\/users\/1743"}],"replies":[{"embeddable":true,"href":"https:\/\/linitiative.ca\/International\/wp-json\/wp\/v2\/comments?post=44362"}],"version-history":[{"count":0,"href":"https:\/\/linitiative.ca\/International\/wp-json\/wp\/v2\/posts\/44362\/revisions"}],"wp:attachment":[{"href":"https:\/\/linitiative.ca\/International\/wp-json\/wp\/v2\/media?parent=44362"}],"wp:term":[{"taxonomy":"category","embeddable":true,"href":"https:\/\/linitiative.ca\/International\/wp-json\/wp\/v2\/categories?post=44362"},{"taxonomy":"post_tag","embeddable":true,"href":"https:\/\/linitiative.ca\/International\/wp-json\/wp\/v2\/tags?post=44362"}],"curies":[{"name":"wp","href":"https:\/\/api.w.org\/{rel}","templated":true}]}}