{"id":44364,"date":"2019-07-04T05:05:50","date_gmt":"2019-07-04T09:05:50","guid":{"rendered":"https:\/\/linitiative.ca\/International\/le-5-juillet-reveille-le-genie-graphique-des-algeriens\/"},"modified":"2019-07-04T05:05:50","modified_gmt":"2019-07-04T09:05:50","slug":"le-5-juillet-reveille-le-genie-graphique-des-algeriens","status":"publish","type":"post","link":"https:\/\/linitiative.ca\/International\/le-5-juillet-reveille-le-genie-graphique-des-algeriens\/","title":{"rendered":"Le 5 Juillet \u00abr\u00e9veille\u00bb le g\u00e9nie graphique des Alg\u00e9riens"},"content":{"rendered":"<h4 class=\"title-14\"\/>\n<p>Depuis quelques jours, les affiches appelant \u00e0 la participation massive et forte aux marches du 20e vendredi 5 juillet, co\u00efncidant avec la f\u00eate de l\u2019Ind\u00e9pendance, se multiplient.<\/p>\n<p>Au-del\u00e0 du message politique v\u00e9hicul\u00e9, certaines affiches se distinguent par leur c\u00f4t\u00e9 artistique et par leur graphisme qui nous rappellent le g\u00e9nie des Alg\u00e9riens fortement exprim\u00e9 et d\u00e9montr\u00e9 \u00e0 travers des pancartes et des banderoles inhabituelles, brandies lors des premi\u00e8res marches pour le changement radical du syst\u00e8me.<\/p>\n<p>Des graphistes convoquent bien l\u2019histoire pour illustrer la situation actuelle du pays, qui traverse une crise in\u00e9dite. Le drapeau national revient souvent sur ces affiches o\u00f9 tr\u00f4nent les images d\u2019ic\u00f4nes de la Guerre de Lib\u00e9ration nationale. De Larbi Ben M\u2019hidi \u00e0 Si El Haoues en passant par Hassiba Ben Bouali, les figures historiques sont de nouveau convoqu\u00e9es pour \u00abappuyer\u00bb les revendications l\u00e9gitimes du peuple alg\u00e9rien.<\/p>\n<p>Parmi ces affiches, qui ont beaucoup circul\u00e9 et \u00e9t\u00e9 partag\u00e9es sur les r\u00e9seaux sociaux, il y a celle qui regroupe Larbi Ben M\u2019hidi, Hassiba Ben Bouali, Ali La Pointe et le Colonel Lotfi. En arri\u00e8re-plan, le drapeau alg\u00e9rien, et comme slogan : \u00abVendredi de la lib\u00e9ration, vous \u00eates tous concern\u00e9s\u00bb. Sur d\u2019autres affiches, leurs concepteurs \u00abmarient\u00bb \u00e9difices historiques et igures embl\u00e9matiques de la R\u00e9volution, toujours avec le drapeau alg\u00e9rien.<\/p>\n<p>Il y a \u00e9galement ces affiches faites avec pour arri\u00e8re-plan les mar\u00e9es humaines enregistr\u00e9es les premiers jours du \u00abhirak\u00bb \u00e0 Alger, entour\u00e9es des couleurs de l\u2019embl\u00e8me national et de portraits de quelques figures historiques, telles que Abane Ramdane, Mustapha Ben Boula\u00efd ou Mohamed Boudiaf. Comme slogan, on insiste sur la symbolique de l\u2019Ind\u00e9pendance du pays le 5 juillet en appelant \u00e0 la pr\u00e9servation du caract\u00e8re pacifique et en rejetant la r\u00e9pression sous toutes ses formes. Sur la plupart des affiches, leurs concepteurs rendent bien hommage aux martyrs qui ont sacrifi\u00e9 leur vie pour l\u2019ind\u00e9pendance du pays en faisant le parall\u00e8le avec la mobilisation du peuple pour construire une nouvelle Alg\u00e9rie libre et d\u00e9mocratique.<\/p>\n<p>Il faut souligner que depuis le d\u00e9but du Hirak le 22 f\u00e9vrier, des manifestants brandissent des pancartes \u00e0 l\u2019effigie de martyrs de la Guerre de Lib\u00e9ration nationale, leur rendant hommage pour leurs grands sacrifices. Cela tout en s\u2019engageant \u00e0 poursuivre leur combat pour que l\u2019Alg\u00e9rie reste debout.<\/p>\n<p><span class=\"post-views-label\">Post Views:<\/span> <span class=\"post-views-count\">1\u00a0001<\/span><\/p>\n<p>Auteur: Hicham Chouadria<br \/>\n<a href=\"https:\/\/www.elwatan.com\/edition\/actualite\/le-5-juillet-reveille-le-genie-graphique-des-algeriens-04-07-2019\">Cliquez ici pour lire l&rsquo;article depuis sa source.<\/a><\/p>\n","protected":false},"excerpt":{"rendered":"<p>Depuis quelques jours, les affiches appelant \u00e0 la participation massive et forte aux marches du 20e vendredi 5 juillet, co\u00efncidant avec la f\u00eate de l\u2019Ind\u00e9pendance, se multiplient. Au-del\u00e0 du message politique v\u00e9hicul\u00e9, certaines affiches se distinguent par leur c\u00f4t\u00e9 artistique et par leur graphisme qui nous rappellent le g\u00e9nie des Alg\u00e9riens fortement exprim\u00e9 et d\u00e9montr\u00e9 [&hellip;]<\/p>\n","protected":false},"author":1743,"featured_media":0,"comment_status":"closed","ping_status":"closed","sticky":false,"template":"","format":"standard","meta":{"fifu_image_url":"","fifu_image_alt":"","footnotes":""},"categories":[73,53],"tags":[],"class_list":["post-44364","post","type-post","status-publish","format-standard","hentry","category-actualite","category-algerie"],"_links":{"self":[{"href":"https:\/\/linitiative.ca\/International\/wp-json\/wp\/v2\/posts\/44364","targetHints":{"allow":["GET"]}}],"collection":[{"href":"https:\/\/linitiative.ca\/International\/wp-json\/wp\/v2\/posts"}],"about":[{"href":"https:\/\/linitiative.ca\/International\/wp-json\/wp\/v2\/types\/post"}],"author":[{"embeddable":true,"href":"https:\/\/linitiative.ca\/International\/wp-json\/wp\/v2\/users\/1743"}],"replies":[{"embeddable":true,"href":"https:\/\/linitiative.ca\/International\/wp-json\/wp\/v2\/comments?post=44364"}],"version-history":[{"count":0,"href":"https:\/\/linitiative.ca\/International\/wp-json\/wp\/v2\/posts\/44364\/revisions"}],"wp:attachment":[{"href":"https:\/\/linitiative.ca\/International\/wp-json\/wp\/v2\/media?parent=44364"}],"wp:term":[{"taxonomy":"category","embeddable":true,"href":"https:\/\/linitiative.ca\/International\/wp-json\/wp\/v2\/categories?post=44364"},{"taxonomy":"post_tag","embeddable":true,"href":"https:\/\/linitiative.ca\/International\/wp-json\/wp\/v2\/tags?post=44364"}],"curies":[{"name":"wp","href":"https:\/\/api.w.org\/{rel}","templated":true}]}}