{"id":44365,"date":"2019-07-04T05:20:07","date_gmt":"2019-07-04T09:20:07","guid":{"rendered":"https:\/\/linitiative.ca\/International\/les-algeriens-celebrent-le-57e-anniversaire-de-lindependance-dans-la-rue-5-juillet-des-libertes\/"},"modified":"2019-07-04T05:20:07","modified_gmt":"2019-07-04T09:20:07","slug":"les-algeriens-celebrent-le-57e-anniversaire-de-lindependance-dans-la-rue-5-juillet-des-libertes","status":"publish","type":"post","link":"https:\/\/linitiative.ca\/International\/les-algeriens-celebrent-le-57e-anniversaire-de-lindependance-dans-la-rue-5-juillet-des-libertes\/","title":{"rendered":"Les alg\u00e9riens c\u00e9l\u00e8brent le 57e anniversaire de l\u2019ind\u00e9pendance dans la rue : 5 Juillet des libert\u00e9s"},"content":{"rendered":"<h4 class=\"title-14\"\/>\n<div class=\"featured_image\"><img width=\"1200\" height=\"674\" data-cfsrc=\"https:\/\/www.elwatan.com\/wp-content\/uploads\/2019\/07\/Manif-Sami-K..jpg\" class=\"attachment-post-thumbnail size-post-thumbnail wp-post-image c1\" alt=\"Les alg\u00e9riens c\u00e9l\u00e8brent le 57e anniversaire de l\u2019ind\u00e9pendance dans la rue : 5 Juillet des libert\u00e9s\" srcset=\"https:\/\/www.elwatan.com\/wp-content\/uploads\/2019\/07\/Manif-Sami-K..jpg 1200w, https:\/\/www.elwatan.com\/wp-content\/uploads\/2019\/07\/Manif-Sami-K.-300x169.jpg 300w, https:\/\/www.elwatan.com\/wp-content\/uploads\/2019\/07\/Manif-Sami-K.-768x431.jpg 768w, https:\/\/www.elwatan.com\/wp-content\/uploads\/2019\/07\/Manif-Sami-K.-1024x575.jpg 1024w\" sizes=\"(max-width: 1200px) 100vw, 1200px\"\/><noscript><\/p>\n<p><img loading=\"lazy\" decoding=\"async\" width=\"1200\" height=\"674\" src=\"https:\/\/www.elwatan.com\/wp-content\/uploads\/2019\/07\/Manif-Sami-K..jpg\" class=\"attachment-post-thumbnail size-post-thumbnail wp-post-image\" alt=\"Les alg\u00e9riens c\u00e9l\u00e8brent le 57e anniversaire de l\u2019ind\u00e9pendance dans la rue : 5 Juillet des libert\u00e9s\" srcset=\"https:\/\/www.elwatan.com\/wp-content\/uploads\/2019\/07\/Manif-Sami-K..jpg 1200w, https:\/\/www.elwatan.com\/wp-content\/uploads\/2019\/07\/Manif-Sami-K.-300x169.jpg 300w, https:\/\/www.elwatan.com\/wp-content\/uploads\/2019\/07\/Manif-Sami-K.-768x431.jpg 768w, https:\/\/www.elwatan.com\/wp-content\/uploads\/2019\/07\/Manif-Sami-K.-1024x575.jpg 1024w\" sizes=\"auto, (max-width: 1200px) 100vw, 1200px\"\/><\/p>\n<p><\/noscript><\/div>\n<p>Le 20e vendredi de la protestation co\u00efncidera cette semaine avec le 5 Juillet, la f\u00eate de l\u2019Ind\u00e9pendance. Les Alg\u00e9riens, qui sortent dans la rue hebdomadairement depuis maintenant plus de quatre mois, sont d\u00e9cid\u00e9s \u00e0 poursuivre la protestation.<\/p>\n<p>Et ils sont nombreux, depuis vendredi dernier, \u00e0 relayer les appels pour une participation massive aux manifestations de ce week-end. Le fait que ce 20e vendredi co\u00efncide avec la f\u00eate de l\u2019ind\u00e9pendance a galvanis\u00e9 davantage les manifestants.<\/p>\n<p>Mettant en affiche des photographies de nombreux martyrs tomb\u00e9s au champ d\u2019honneur pour la lib\u00e9ration du pays, comme Larbi Ben M\u2019hidi, Ali La Pointe, ou encore Hassiba Ben Bouali, ceux-l\u00e0 pr\u00e9disent un \u00abtsunami humain\u00bb dans les rues alg\u00e9riennes. \u00abVendredi de la Lib\u00e9ration. Vous \u00eates tous concern\u00e9s\u00bb, peut-on lire sur l\u2019une de ces affiches, alors que sur une autre il est inscrit\u00a0: \u00abLa terre tremblera sous leurs pieds ce vendredi\u00bb.<\/p>\n<p>Des partis politiques et des organisations du mouvement associatif ont \u00e9galement appel\u00e9 les Alg\u00e9riens \u00e0 sortir en masse ce vendredi, vu comme l\u2019un des moments les plus cruciaux du hirak. \u00ab5 Juillet, double f\u00eate de l\u2019ind\u00e9pendance et de la jeunesse et 20e vendredi des marches pacifiques du mouvement populaire pour le changement d\u00e9mocratique. A cette occasion historique, la LADDH appelle la population \u00e0 participer massivement dans la marche pacifique de ce vendredi 5 juillet 2019 dans toutes les wilayas d\u2019Alg\u00e9rie\u00bb, a indiqu\u00e9 Sa\u00efd Salhi, vice-pr\u00e9sident de la Ligue alg\u00e9rienne de d\u00e9fense des droits de l\u2019homme (LADDH).<\/p>\n<p>En plus des formations politiques, dont celles qui se sont regroup\u00e9es au sein de l\u2019\u00abalternative d\u00e9mocratique\u00bb, sept personnalit\u00e9s, en l\u2019occurrence l\u2019avocat Bouchachi, les universitaires Benabbou et Djabi, l\u2019\u00e9conomiste Lalmas, l\u2019ancien ministre Rahabi, le chef de l\u2019UDS, Tabbou, et l\u2019activiste Belarbi ont, pour leur part, lanc\u00e9 un appel pour une participation massive \u00e0 la manifestation de demain.<\/p>\n<p>De plus, le contexte particulier dans lequel il intervient, marqu\u00e9 par un retour \u00e0 la r\u00e9pression, a \u00e9galement pouss\u00e9 plus d\u2019un \u00e0 multiplier les appels pour le maintien du caract\u00e8re pacifique des marches. Mardi dernier, lors de leur 19e journ\u00e9e de manifestation, les \u00e9tudiants ont r\u00e9clam\u00e9 la lib\u00e9ration des d\u00e9tenus d\u2019opinion, les manifestants arr\u00eat\u00e9s ces deux derni\u00e8res semaines, notamment pour port du drapeau amazigh, mais surtout le moudjahid Lakhdar Bouraga\u00e2, mis en d\u00e9tention pr\u00e9ventive pour \u00abatteinte au moral de l\u2019arm\u00e9e\u00bb et \u00aboutrage \u00e0 corps constitu\u00e9\u00bb.<\/p>\n<p>La campagne de d\u00e9nigrement qui a cibl\u00e9 ce dernier a outr\u00e9 les Alg\u00e9riens qui seront certainement nombreux ce vendredi \u00e0 r\u00e9clamer sa lib\u00e9ration et celle de tous les autres d\u00e9tenus. Lors de la 19e manifestation, et contrairement aux pr\u00e9c\u00e9dents vendredis, un dispositif de s\u00e9curit\u00e9 impressionnant a \u00e9t\u00e9 d\u00e9ploy\u00e9 dans la capitale pour entraver la marche.<\/p>\n<p>Le boulevard Hassiba Ben Bouali avait \u00e9t\u00e9, dans un premier temps, compl\u00e8tement obstru\u00e9 par des camions de la police. Il a fallu l\u2019arriv\u00e9e d\u2019un important flux de manifestants pour que la voie soit ouverte.<\/p>\n<p>Par ailleurs, des v\u00e9hicules de la police ont \u00e9t\u00e9, pour la premi\u00e8re fois, install\u00e9s des deux c\u00f4t\u00e9s du tron\u00e7on menant de la Grande-Poste vers la place Audin. Plusieurs arrestations ont eu lieu. Est-ce que ce sera le cas \u00e9galement ce vendredi\u00a0? Toujours est-il que les Alg\u00e9riens sont a priori d\u00e9cid\u00e9s \u00e0 sortir en masse pour scander, une fois encore, leurs revendications principales s\u2019articulant autour du \u00abd\u00e9part du syst\u00e8me\u00bb.<\/p>\n<p><span class=\"post-views-label\">Post Views:<\/span> <span class=\"post-views-count\">1\u00a0020<\/span><\/p>\n<p>Auteur: Hicham Chouadria<br \/>\n<a href=\"https:\/\/www.elwatan.com\/edition\/actualite\/les-algeriens-celebrent-le-57e-anniversaire-de-lindependance-dans-la-rue-5-juillet-des-libertes-04-07-2019\">Cliquez ici pour lire l&rsquo;article depuis sa source.<\/a><\/p>\n","protected":false},"excerpt":{"rendered":"<p>Le 20e vendredi de la protestation co\u00efncidera cette semaine avec le 5 Juillet, la f\u00eate de l\u2019Ind\u00e9pendance. Les Alg\u00e9riens, qui sortent dans la rue hebdomadairement depuis maintenant plus de quatre mois, sont d\u00e9cid\u00e9s \u00e0 poursuivre la protestation. Et ils sont nombreux, depuis vendredi dernier, \u00e0 relayer les appels pour une participation massive aux manifestations de [&hellip;]<\/p>\n","protected":false},"author":1743,"featured_media":44366,"comment_status":"closed","ping_status":"closed","sticky":false,"template":"","format":"standard","meta":{"fifu_image_url":"","fifu_image_alt":"","footnotes":""},"categories":[73,53],"tags":[],"class_list":["post-44365","post","type-post","status-publish","format-standard","has-post-thumbnail","hentry","category-actualite","category-algerie"],"_links":{"self":[{"href":"https:\/\/linitiative.ca\/International\/wp-json\/wp\/v2\/posts\/44365","targetHints":{"allow":["GET"]}}],"collection":[{"href":"https:\/\/linitiative.ca\/International\/wp-json\/wp\/v2\/posts"}],"about":[{"href":"https:\/\/linitiative.ca\/International\/wp-json\/wp\/v2\/types\/post"}],"author":[{"embeddable":true,"href":"https:\/\/linitiative.ca\/International\/wp-json\/wp\/v2\/users\/1743"}],"replies":[{"embeddable":true,"href":"https:\/\/linitiative.ca\/International\/wp-json\/wp\/v2\/comments?post=44365"}],"version-history":[{"count":0,"href":"https:\/\/linitiative.ca\/International\/wp-json\/wp\/v2\/posts\/44365\/revisions"}],"wp:featuredmedia":[{"embeddable":true,"href":"https:\/\/linitiative.ca\/International\/wp-json\/"}],"wp:attachment":[{"href":"https:\/\/linitiative.ca\/International\/wp-json\/wp\/v2\/media?parent=44365"}],"wp:term":[{"taxonomy":"category","embeddable":true,"href":"https:\/\/linitiative.ca\/International\/wp-json\/wp\/v2\/categories?post=44365"},{"taxonomy":"post_tag","embeddable":true,"href":"https:\/\/linitiative.ca\/International\/wp-json\/wp\/v2\/tags?post=44365"}],"curies":[{"name":"wp","href":"https:\/\/api.w.org\/{rel}","templated":true}]}}