{"id":44367,"date":"2019-07-04T05:25:28","date_gmt":"2019-07-04T09:25:28","guid":{"rendered":"https:\/\/linitiative.ca\/International\/lutte-contre-la-corruption-letat-veillera-a-ce-que-les-travailleurs-ne-soient-pas-penalises\/"},"modified":"2019-07-04T05:25:28","modified_gmt":"2019-07-04T09:25:28","slug":"lutte-contre-la-corruption-letat-veillera-a-ce-que-les-travailleurs-ne-soient-pas-penalises","status":"publish","type":"post","link":"https:\/\/linitiative.ca\/International\/lutte-contre-la-corruption-letat-veillera-a-ce-que-les-travailleurs-ne-soient-pas-penalises\/","title":{"rendered":"Lutte contre la corruption :  \u00abL\u2019Etat veillera \u00e0 ce que les travailleurs ne soient pas p\u00e9nalis\u00e9s\u00bb"},"content":{"rendered":"<h4 class=\"title-14\"\/>\n<div class=\"featured_image\"><img width=\"700\" height=\"500\" data-cfsrc=\"https:\/\/www.elwatan.com\/wp-content\/uploads\/2019\/07\/bensalah-discours-1.jpg\" class=\"attachment-post-thumbnail size-post-thumbnail wp-post-image c1\" alt=\"\" srcset=\"https:\/\/www.elwatan.com\/wp-content\/uploads\/2019\/07\/bensalah-discours-1.jpg 700w, https:\/\/www.elwatan.com\/wp-content\/uploads\/2019\/07\/bensalah-discours-1-300x214.jpg 300w\" sizes=\"(max-width: 700px) 100vw, 700px\"\/><noscript><\/p>\n<p><img loading=\"lazy\" decoding=\"async\" width=\"700\" height=\"500\" src=\"https:\/\/www.elwatan.com\/wp-content\/uploads\/2019\/07\/bensalah-discours-1.jpg\" class=\"attachment-post-thumbnail size-post-thumbnail wp-post-image\" alt=\"\" srcset=\"https:\/\/www.elwatan.com\/wp-content\/uploads\/2019\/07\/bensalah-discours-1.jpg 700w, https:\/\/www.elwatan.com\/wp-content\/uploads\/2019\/07\/bensalah-discours-1-300x214.jpg 300w\" sizes=\"auto, (max-width: 700px) 100vw, 700px\"\/><\/p>\n<p><\/noscript> <span class=\"featured-image-caption\">(Photo : APS)<\/span><\/div>\n<p>La lutte contre la corruption se poursuivra \u00absans rel\u00e2che\u00bb. C\u2019est ce qu\u2019a affirm\u00e9, hier, le chef de l\u2019Etat par int\u00e9rim, Abdelkader Bensalah, dans un discours prononc\u00e9 \u00e0 la veille de la f\u00eate de l\u2019Ind\u00e9pendance.<\/p>\n<p>S\u2019exprimant sur la crise que traverse le pays et faisant une \u00aboffre politique\u00bb, Bensalah s\u2019est, bien entendu, exprim\u00e9 sur les proc\u00e8s men\u00e9s actuellement contre bon nombre d\u2019hommes d\u2019affaires et politiques alg\u00e9riens.<\/p>\n<p>A cet effet, r\u00e9affirmant que \u00abl\u2019aspiration l\u00e9gitime (du peuple, ndlr) au changement a \u00e9t\u00e9 pleinement entendue et se trouve d\u00e9sormais au c\u0153ur des pr\u00e9occupations des pouvoirs publics et en t\u00eate des pr\u00e9occupations de l\u2019Etat\u00bb, Bensalah a d\u00e9clar\u00e9 que \u00abl\u2019\u0153uvre d\u2019assainissement de l\u2019Etat et du renouvellement de son encadrement est accompagn\u00e9e d\u2019une vigoureuse lutte contre le fl\u00e9au de la corruption et de la dilapidation des deniers publics\u00bb. Et que cette lutte est \u00abmen\u00e9e par une justice qui exerce d\u00e9sormais et avec rigueur la pl\u00e9nitude de ses missions et de ses attributions\u00bb.<\/p>\n<p>Insistant donc sur le processus judiciaire en cours, l\u2019ancien pr\u00e9sident du Conseil de la nation a tenu \u00e0 signaler que \u00abl\u2019Etat, qui demeure \u00e0 l\u2019\u00e9coute des revendications et des aspirations profondes de notre peuple, est vraiment d\u00e9cid\u00e9 \u00e0 mener cette lutte sans rel\u00e2che conform\u00e9ment aux lois de la R\u00e9publique, dans le respect du principe de la pr\u00e9somption d\u2019innocence\u00bb.<\/p>\n<p>Voulant certainement rassurer les Alg\u00e9riens \u00e0 propos des entreprises dont les patrons sont mis en d\u00e9tention provisoire, ou ceux qui pourront l\u2019\u00eatre \u00e0 l\u2019avenir, il a affirm\u00e9 que l\u2019Etat veillera \u00ab\u00e0 ce que toutes les dispositions soient prises afin que les travailleurs et l\u2019\u00e9conomie nationale ne soient pas p\u00e9nalis\u00e9s par les d\u00e9cisions prises \u00e0 l\u2019encontre des patrons des entreprises concern\u00e9es\u00bb. Il faut dire que les d\u00e9boires judiciaires de beaucoup de chefs d\u2019entreprise inqui\u00e8tent au plus haut point des milliers d\u2019employ\u00e9s qui ont exprim\u00e9 la crainte de voir les soci\u00e9t\u00e9s qui les emploient mettre la cl\u00e9 sous le paillasson.<\/p>\n<p>C\u2019est le cas, par exemple, des travailleurs du groupe ETRHB, de Ali Haddad, qui a d\u00e9j\u00e0 ferm\u00e9 une de ses cha\u00eenes de t\u00e9l\u00e9vision (jumelage avec une autre), ou ceux du groupe KouGC des fr\u00e8res Kouninef dont les employ\u00e9s ont d\u2019ailleurs organis\u00e9, il y a quelques jours, un sit-in devant la direction de l\u2019entreprise. Il faut rappeler que plusieurs chefs d\u2019entreprise ont \u00e9t\u00e9 mis en d\u00e9tention provisoire pour des chefs d\u2019inculpation li\u00e9s \u00e0 la corruption.<\/p>\n<p>Le dernier en date \u00e9tant Ahmed Mazouz, patron du groupe \u00e9ponyme, sous mandat de d\u00e9p\u00f4t depuis avant-hier. Des hommes politiques, notamment les anciens Premiers ministres, Abdelmalek Sellal et Ahmed Ouyahia, ont \u00e9galement \u00e9t\u00e9 plac\u00e9s en d\u00e9tention provisoire. D\u2019autres sont sous contr\u00f4le judiciaire, alors que certains hommes d\u2019affaires sont frapp\u00e9s d\u2019Interdiction de sortie du territoire national (ISTN). Les enqu\u00eates suivent leur cours<\/p>\n<p>. Ce sont toutes ces actions judiciaires qui font craindre \u00e0 beaucoup d\u2019Alg\u00e9riens la perte de leurs postes d\u2019emploi. Bensalah a tent\u00e9, hier, de les rassurer en affirmant que l\u2019Etat veillera \u00e0 ce que \u00ables travailleurs et l\u2019\u00e9conomie nationale\u00bb ne soient pas p\u00e9nalis\u00e9s.<\/p>\n<p><span class=\"post-views-label\">Post Views:<\/span> <span class=\"post-views-count\">741<\/span><\/p>\n<p>Auteur: Hicham Chouadria<br \/>\n<a href=\"https:\/\/www.elwatan.com\/edition\/actualite\/lutte-contre-la-corruption-letat-veillera-a-ce-que-les-travailleurs-ne-soient-pas-penalises-04-07-2019\">Cliquez ici pour lire l&rsquo;article depuis sa source.<\/a><\/p>\n","protected":false},"excerpt":{"rendered":"<p>(Photo : APS) La lutte contre la corruption se poursuivra \u00absans rel\u00e2che\u00bb. C\u2019est ce qu\u2019a affirm\u00e9, hier, le chef de l\u2019Etat par int\u00e9rim, Abdelkader Bensalah, dans un discours prononc\u00e9 \u00e0 la veille de la f\u00eate de l\u2019Ind\u00e9pendance. S\u2019exprimant sur la crise que traverse le pays et faisant une \u00aboffre politique\u00bb, Bensalah s\u2019est, bien entendu, exprim\u00e9 [&hellip;]<\/p>\n","protected":false},"author":1743,"featured_media":44368,"comment_status":"closed","ping_status":"closed","sticky":false,"template":"","format":"standard","meta":{"fifu_image_url":"","fifu_image_alt":"","footnotes":""},"categories":[73,53],"tags":[],"class_list":["post-44367","post","type-post","status-publish","format-standard","has-post-thumbnail","hentry","category-actualite","category-algerie"],"_links":{"self":[{"href":"https:\/\/linitiative.ca\/International\/wp-json\/wp\/v2\/posts\/44367","targetHints":{"allow":["GET"]}}],"collection":[{"href":"https:\/\/linitiative.ca\/International\/wp-json\/wp\/v2\/posts"}],"about":[{"href":"https:\/\/linitiative.ca\/International\/wp-json\/wp\/v2\/types\/post"}],"author":[{"embeddable":true,"href":"https:\/\/linitiative.ca\/International\/wp-json\/wp\/v2\/users\/1743"}],"replies":[{"embeddable":true,"href":"https:\/\/linitiative.ca\/International\/wp-json\/wp\/v2\/comments?post=44367"}],"version-history":[{"count":0,"href":"https:\/\/linitiative.ca\/International\/wp-json\/wp\/v2\/posts\/44367\/revisions"}],"wp:featuredmedia":[{"embeddable":true,"href":"https:\/\/linitiative.ca\/International\/wp-json\/"}],"wp:attachment":[{"href":"https:\/\/linitiative.ca\/International\/wp-json\/wp\/v2\/media?parent=44367"}],"wp:term":[{"taxonomy":"category","embeddable":true,"href":"https:\/\/linitiative.ca\/International\/wp-json\/wp\/v2\/categories?post=44367"},{"taxonomy":"post_tag","embeddable":true,"href":"https:\/\/linitiative.ca\/International\/wp-json\/wp\/v2\/tags?post=44367"}],"curies":[{"name":"wp","href":"https:\/\/api.w.org\/{rel}","templated":true}]}}