{"id":44369,"date":"2019-07-04T05:30:09","date_gmt":"2019-07-04T09:30:09","guid":{"rendered":"https:\/\/linitiative.ca\/International\/le-chef-de-letat-propose-des-garanties-pour-la-presidentielle-des-personnalites-independantes-conduiront-le-dialogue\/"},"modified":"2019-07-04T05:30:09","modified_gmt":"2019-07-04T09:30:09","slug":"le-chef-de-letat-propose-des-garanties-pour-la-presidentielle-des-personnalites-independantes-conduiront-le-dialogue","status":"publish","type":"post","link":"https:\/\/linitiative.ca\/International\/le-chef-de-letat-propose-des-garanties-pour-la-presidentielle-des-personnalites-independantes-conduiront-le-dialogue\/","title":{"rendered":"Le chef de l\u2019\u00e9tat propose des garanties pour la pr\u00e9sidentielle  : \u00abDes personnalit\u00e9s ind\u00e9pendantes conduiront le dialogue\u00bb"},"content":{"rendered":"<h4 class=\"title-14\"\/>\n<div class=\"featured_image\"><img width=\"406\" height=\"330\" data-cfsrc=\"https:\/\/www.elwatan.com\/wp-content\/uploads\/2019\/07\/bensalah-e1562198880187.jpg\" class=\"attachment-post-thumbnail size-post-thumbnail wp-post-image c1\" alt=\"\" srcset=\"https:\/\/www.elwatan.com\/wp-content\/uploads\/2019\/07\/bensalah-e1562198880187.jpg 406w, https:\/\/www.elwatan.com\/wp-content\/uploads\/2019\/07\/bensalah-e1562198880187-300x244.jpg 300w\" sizes=\"(max-width: 406px) 100vw, 406px\"\/><noscript><\/p>\n<p><img loading=\"lazy\" decoding=\"async\" width=\"406\" height=\"330\" src=\"https:\/\/www.elwatan.com\/wp-content\/uploads\/2019\/07\/bensalah-e1562198880187.jpg\" class=\"attachment-post-thumbnail size-post-thumbnail wp-post-image\" alt=\"\" srcset=\"https:\/\/www.elwatan.com\/wp-content\/uploads\/2019\/07\/bensalah-e1562198880187.jpg 406w, https:\/\/www.elwatan.com\/wp-content\/uploads\/2019\/07\/bensalah-e1562198880187-300x244.jpg 300w\" sizes=\"auto, (max-width: 406px) 100vw, 406px\"\/><\/p>\n<p><\/noscript> <span class=\"featured-image-caption\">Le chef de l&rsquo;Etat, Abdelkader Bensalah<\/span><\/div>\n<p>Le chef de l\u2019Etat par int\u00e9rim, Abdelkader Bensalah, fait une nouvelle offre politique. Il renouvelle son appel au \u00abdialogue national inclusif\u00bb sur la tenue de la prochaine \u00e9lection pr\u00e9sidentielle sous l\u2019\u00e9gide de personnalit\u00e9s nationales ind\u00e9pendantes.<\/p>\n<p>Dans un discours \u00e0 la nation prononc\u00e9, hier, il exclut toutefois toute possibilit\u00e9 de passer par une p\u00e9riode de transition r\u00e9clam\u00e9e par des partis et des organisations de la soci\u00e9t\u00e9 civile. Une p\u00e9riode qui, dit-il, m\u00e8nerait \u00e0 \u00abun vide institutionnel dangereux\u00bb.<\/p>\n<p>Poursuivant, le chef de l\u2019Etat int\u00e9rimaire, dont le mandat devra expirer le 9 juillet prochain, d\u00e9finit le cadre g\u00e9n\u00e9ral de ce dialogue qui sera, selon lui, \u00ablanc\u00e9 incessamment\u00bb. Il assure que l\u2019Etat, y compris l\u2019institution militaire, ne sera pas \u00abpartie prenante \u00e0 ce dialogue et observera la plus stricte neutralit\u00e9 tout au long du d\u00e9roulement de ce processus\u00bb.<\/p>\n<p>R\u00e9it\u00e9rant son appel aux acteurs politiques nationaux, \u00e0 l\u2019ensemble des composantes de la classe politique, aux personnalit\u00e9s patriotiques nationales, aux mouvances qui structurent la soci\u00e9t\u00e9 civile \u00e0 s\u2019engager dans \u00abce processus\u00bb, Abdelkader Bensalah estime que ce processus \u00abest plus que n\u00e9cessaire\u00bb.<\/p>\n<p>Il est, selon lui, \u00abla meilleure voie pour parvenir aux formules consensuelles n\u00e9cessaires sur l\u2019ensemble des questions en rapport avec l\u2019\u00e9lection pr\u00e9sidentielle\u00bb. \u00abCe dialogue est urgent, parce que le pays doit recouvrer au plus vite sa normalit\u00e9 politique et institutionnelle, qui le mettrait en position de faire face aux incertitudes \u00e9conomiques et sociales et aux menaces qui p\u00e8sent sur notre s\u00e9curit\u00e9 nationale du fait d\u2019un environnement ext\u00e9rieur particuli\u00e8rement complexe\u00bb, explique-t-il.<\/p>\n<p>Dans ce sens, il invite toutes les parties \u00ab\u00e0 mettre de c\u00f4t\u00e9 les calculs marginaux et les exigences irr\u00e9alistes\u00bb qui, estime-t-il, \u00absont de nature \u00e0 prolonger la situation actuelle et entra\u00eener notre pays dans une situation de vide constitutionnel, source d\u2019incertitude et d\u2019instabilit\u00e9\u00bb. Pour tenter de convaincre tous les acteurs \u00e0 participer \u00e0 ce processus, le chef de l\u2019Etat assure qu\u2019il \u00absera conduit et men\u00e9 en toute libert\u00e9 et en toute transparence par des personnalit\u00e9s nationales cr\u00e9dibles, ind\u00e9pendantes, sans affiliation partisane et sans ambition \u00e9lectorale\u00bb.<\/p>\n<p><strong>\u00abL\u2019Etat mettra seulement les moyens\u00bb<\/strong><\/p>\n<p>Le r\u00f4le de l\u2019Etat, ajoute-t-il, se limitera \u00e0 \u00abmettre tous les moyens mat\u00e9riels et logistiques \u00e0 la disposition du panel de personnalit\u00e9s, qui d\u00e9cidera lui-m\u00eame des modalit\u00e9s de son fonctionnement\u00bb. \u00abLes participants au dialogue auront la libert\u00e9 de discuter et de d\u00e9battre des conditions \u00e0 r\u00e9unir pour garantir la cr\u00e9dibilit\u00e9 du scrutin et aborder l\u2019ensemble des aspects l\u00e9gislatif, r\u00e9glementaire et organisationnel de cette \u00e9lection, y compris le d\u00e9roulement du calendrier \u00e9lectoral, ainsi que les m\u00e9canismes de son contr\u00f4le et de sa supervision\u00bb, poursuit-il, affirmant que l\u2019objectif est la tenue d\u2019une \u00e9lection pr\u00e9sidentielle \u00ab\u00e0 une date la plus rapproch\u00e9e possible\u00bb.<\/p>\n<p>Abdelkader Bensalah insiste, dans la foul\u00e9e, sur le respect du \u00abcadre de la Constitution qui impose la pr\u00e9servation de l\u2019Etat, le respect des institutions et la pr\u00e9valence de l\u2019int\u00e9r\u00eat sup\u00e9rieur de la nation\u00bb. Ainsi, il laisse entendre qu\u2019il ne d\u00e9missionnera pas de son poste apr\u00e8s le 9 juillet.<\/p>\n<p>De m\u00eame pour le gouvernement Bedoui. Poursuivant, il pr\u00e9cise que le dialogue devrait axer ses discussions sur \u00abl\u2019organe ou l\u2019autorit\u00e9 \u00e9lectorale ind\u00e9pendante \u00e0 mettre en place\u00bb. Celui-ci, ajoute-t-il, \u00abaura pour mandat d\u2019organiser et de contr\u00f4ler le processus \u00e9lectoral dans toutes ses \u00e9tapes\u00bb. \u00abIl s\u2019agira de d\u00e9battre et d\u2019arr\u00eater la configuration de cette entit\u00e9 et de fixer ses missions et attributions, son mode d\u2019organisation et de fonctionnement, ainsi que sa composante, y compris, \u00e9ventuellement, les personnalit\u00e9s consensuelles devant la diriger\u00bb, souligne-t-il.<\/p>\n<p><strong>Les mesures d\u2019apaisement ignor\u00e9es<\/strong><\/p>\n<p>Cette entit\u00e9, ajoute-t-il, va se substituer \u00e0 l\u2019administration publique et \u00absera appel\u00e9e \u00e0 intervenir sur tout le territoire national et aura, en cons\u00e9quence, des d\u00e9membrements au niveau des wilayas, des communes et des circonscriptions \u00e9lectorales de notre communaut\u00e9 \u00e0 l\u2019\u00e9tranger\u00bb. Une loi sp\u00e9cifique devrait, indique-t-il, \u00eatre adopt\u00e9e pour permettre la mise en place de cet organe.<\/p>\n<p>En cons\u00e9quence, pr\u00e9cise-t-il, il est n\u00e9cessaire d\u2019adapter le dispositif l\u00e9gislatif et r\u00e8glementaire, notamment la loi \u00e9lectorale. \u00abCette loi sera r\u00e9vis\u00e9e pour y introduire toutes les garanties pour faire en sorte que ce scrutin puisse r\u00e9pondre \u00e0 toutes les exigences d\u2019impartialit\u00e9, de r\u00e9gularit\u00e9 et de transparence\u00bb. \u00abComme il sera \u00e9galement n\u00e9cessaire d\u2019examiner l\u2019articulation entre cet organe qui sera cr\u00e9\u00e9 et la Haute instance ind\u00e9pendante de surveillance des \u00e9lections, pr\u00e9vue par la Constitution, dont il est possible de revoir la composition\u00bb, ajoute-t-il, estimant que l\u2019\u00e9lection pr\u00e9sidentielle \u00abreste la seule solution d\u00e9mocratique viable et raisonnable pour transcender les \u00e9cueils de cette \u00e9tape cruciale de l\u2019histoire de l\u2019Alg\u00e9rie\u00bb.<\/p>\n<p>Dans son discours, Abdelkader Bensalah n\u2019\u00e9voque pas par ailleurs les mesures d\u2019apaisement n\u00e9cessaires pour la tenue d\u2019un dialogue, dont celle de la lib\u00e9ration des d\u00e9tenus d\u2019opinion et des d\u00e9tenus politiques.<\/p>\n<p><span class=\"post-views-label\">Post Views:<\/span> <span class=\"post-views-count\">3\u00a0120<\/span><\/p>\n<p>Auteur: Hicham Chouadria<br \/>\n<a href=\"https:\/\/www.elwatan.com\/a-la-une\/le-chef-de-letat-propose-des-garanties-pour-la-presidentielle-des-personnalites-independantes-conduiront-le-dialogue-04-07-2019\">Cliquez ici pour lire l&rsquo;article depuis sa source.<\/a><\/p>\n","protected":false},"excerpt":{"rendered":"<p>Le chef de l&rsquo;Etat, Abdelkader Bensalah Le chef de l\u2019Etat par int\u00e9rim, Abdelkader Bensalah, fait une nouvelle offre politique. Il renouvelle son appel au \u00abdialogue national inclusif\u00bb sur la tenue de la prochaine \u00e9lection pr\u00e9sidentielle sous l\u2019\u00e9gide de personnalit\u00e9s nationales ind\u00e9pendantes. Dans un discours \u00e0 la nation prononc\u00e9, hier, il exclut toutefois toute possibilit\u00e9 de [&hellip;]<\/p>\n","protected":false},"author":1743,"featured_media":44370,"comment_status":"closed","ping_status":"closed","sticky":false,"template":"","format":"standard","meta":{"fifu_image_url":"","fifu_image_alt":"","footnotes":""},"categories":[73,53],"tags":[],"class_list":["post-44369","post","type-post","status-publish","format-standard","has-post-thumbnail","hentry","category-actualite","category-algerie"],"_links":{"self":[{"href":"https:\/\/linitiative.ca\/International\/wp-json\/wp\/v2\/posts\/44369","targetHints":{"allow":["GET"]}}],"collection":[{"href":"https:\/\/linitiative.ca\/International\/wp-json\/wp\/v2\/posts"}],"about":[{"href":"https:\/\/linitiative.ca\/International\/wp-json\/wp\/v2\/types\/post"}],"author":[{"embeddable":true,"href":"https:\/\/linitiative.ca\/International\/wp-json\/wp\/v2\/users\/1743"}],"replies":[{"embeddable":true,"href":"https:\/\/linitiative.ca\/International\/wp-json\/wp\/v2\/comments?post=44369"}],"version-history":[{"count":0,"href":"https:\/\/linitiative.ca\/International\/wp-json\/wp\/v2\/posts\/44369\/revisions"}],"wp:featuredmedia":[{"embeddable":true,"href":"https:\/\/linitiative.ca\/International\/wp-json\/"}],"wp:attachment":[{"href":"https:\/\/linitiative.ca\/International\/wp-json\/wp\/v2\/media?parent=44369"}],"wp:term":[{"taxonomy":"category","embeddable":true,"href":"https:\/\/linitiative.ca\/International\/wp-json\/wp\/v2\/categories?post=44369"},{"taxonomy":"post_tag","embeddable":true,"href":"https:\/\/linitiative.ca\/International\/wp-json\/wp\/v2\/tags?post=44369"}],"curies":[{"name":"wp","href":"https:\/\/api.w.org\/{rel}","templated":true}]}}