{"id":44373,"date":"2019-07-04T15:28:49","date_gmt":"2019-07-04T19:28:49","guid":{"rendered":"https:\/\/linitiative.ca\/International\/5-juillet-1962-5-juillet-2019-soyons-des-millions-pour-honorer-notre-serment-de-fidelite-aux-justes\/"},"modified":"2019-07-04T15:28:49","modified_gmt":"2019-07-04T19:28:49","slug":"5-juillet-1962-5-juillet-2019-soyons-des-millions-pour-honorer-notre-serment-de-fidelite-aux-justes","status":"publish","type":"post","link":"https:\/\/linitiative.ca\/International\/5-juillet-1962-5-juillet-2019-soyons-des-millions-pour-honorer-notre-serment-de-fidelite-aux-justes\/","title":{"rendered":"5 juillet 1962- 5 juillet 2019 :\u00a0Soyons des millions pour honorer notre\u00a0serment de fid\u00e9lit\u00e9 aux justes !\u00a0\u00a0"},"content":{"rendered":"<h4 class=\"title-14\"\/>\n<p>Le vaste mouvement populaire et\u00a0pacifique a d\u2019ores et d\u00e9j\u00e0 fait bouger les lignes. Les\u00a0 cartes politiques se redistribuent et le rapport\u00a0de forces s\u2019est d\u00e9plac\u00e9 et ancr\u00e9 dans la rue. C\u2019est\u00a0incontestable. C\u2019est un acquis inestimable de cet immense\u00a0mouvement populaire qui, depuis le 22 f\u00e9vrier met en\u00a0difficult\u00e9 ce syst\u00e8me \/ pouvoir habitu\u00e9 \u00e0 d\u00e9cider et\u00a0agir sans se pr\u00e9occuper de l\u2019opinion publique.<\/p>\n<p>Ce mouvement massif a r\u00e9ussi \u00e0\u00a0neutraliser en partie, le clan Bouteflika . N\u00e9anmoins\u00a0il reste tout un pan du pouvoir oligarchique et despotique\u00a0\u00e0 la man\u0153uvre . Il faut poursuivre toutes les\u00a0mobilisations pour le mettre d\u00e9finitivement en \u00e9chec.<\/p>\n<p>Ce pouvoir despotique assiste sans\u00a0aucun \u00e9tat d\u2019\u00e2me et depuis 20 ans \u00e0 la mise \u00e0 terre du\u00a0pays sans intervenir pour arr\u00eater la spoliation des\u00a0richesses du pays. Aujourd\u2019hui , pour se recycler et durer\u00a0le syst\u00e8me \/pouvoir d\u00e9veloppe toute une s\u00e9rie de\u00a0strat\u00e9gies.<\/p>\n<p>Par une contre-r\u00e9volution qui\u00a0s\u2019attaque, cible et enferme des manifestant(e)s dont le \u00ab\u00a0crime \u00bb est de porter l\u2019embl\u00e8me de notre identit\u00e9\u00a0Amazigh , met en prison une des figures historiques de la\u00a0r\u00e9volution dont le \u00ab crime \u00bb est de dire tout haut ce que\u00a0pensent des millions d\u2019alg\u00e9riennes et alg\u00e9riens,\u00a0boucle les acc\u00e8s \u00e0 Alger comme si c\u2019\u00e9tait une zone\u00a0r\u00e9serv\u00e9e , lance de fausses informations pour troubler le\u00a0peuple et le diviser , menace les jeunes du mouvement\u00a0estudiantin , cible les \u00e9l\u00e9ments moteurs de ce mouvement\u00a0populaire. Ce pouvoir n\u2019agit pas en aveugle. Il sait\u00a0parfaitement ce qu\u2019il fait pour tenter de b\u00e2illonner ce\u00a0peuple qui lui tourne le dos.<\/p>\n<p>Sa strat\u00e9gie de faire croire au chaos\u00a0\u00ab institutionnel \u00bb trouve des relais parmi une \u00e9lite\u00a0politique et dans la soci\u00e9t\u00e9 civile pr\u00eate \u00e0 un \u00ab\u00a0compromis \u00bb \u00e0 haut risque. Ces \u00e9lites en adoptant une\u00a0attitude de compromis avec ce syst\u00e8me au nom d\u2019une\u00a0pseudo- unit\u00e9 nationale commette une trahison en tournant\u00a0le dos aux revendications fondamentales de la r\u00e9volution\u00a0populaire et pacifique en cours. La rue gronde et scande\u00a0qu\u2019il n y a pas de dialogue possible avec les maffias et\u00a0les forces politiques et sociales qui ont soutenu, port\u00e9\u00a0et assis ce syst\u00e8me vomi par la masse des alg\u00e9riens. Cette\u00a0man\u0153uvre intelligemment men\u00e9e par des branches de ce\u00a0pouvoir est une preuve \u00e9vidente\u00a0 de sa volont\u00e9 de\u00a0fabriquer une solution pour durer y compris en refaisant la\u00a0fa\u00e7ade.<\/p>\n<p>Une conf\u00e9rence pr\u00e9vue le 6\u00a0juillet\u00a0 intitul\u00e9e \u00ab\u00a0 les forces du changement\u00a0(sic!) qui devraient r\u00e9unir le ban et l\u2019arri\u00e8re ban de\u00a0nombreuses forces politiques alli\u00e9es du syst\u00e8me depuis des\u00a0d\u00e9cennies a la pr\u00e9tention de bouleverser l\u2019ordre des\u00a0choses. Va t- elle sortir une feuille de route de rupture\u00a0radicale avec ce pouvoir despotique ? J\u2019en doute fort. Je\u00a0pense que des millions d\u2019alg\u00e9riennes et alg\u00e9riens\u00a0partagent ce doute au vue de sa composante et ses pratiques\u00a0politiques. \u00c7a ne sera qu\u2019un leurre pour un nouvel\u00a0habillage auquel nous sommes habitu\u00e9s depuis des\u00a0d\u00e9cennies.<\/p>\n<p>Au final , ce syst\u00e8me \/ pouvoir\u00a0n\u2019h\u00e9site devant aucun subterfuge pour tra\u00eener dans son\u00a0sillage ou attirer dans ses filets des pans entiers de la\u00a0classe politique traditionnelle et des branches de la dite\u00a0\u00ab soci\u00e9t\u00e9 civile \u00bb pour essayer de se refaire une\u00a0beaut\u00e9 et devenir fr\u00e9quentable. Ce jeu est engag\u00e9 depuis\u00a0des mois. Il suffit de garder les yeux ouverts pour voir les\u00a0man\u0153uvres politiciennes saupoudr\u00e9es\u00a0 d\u2019un zeste de\u00a0\u00ab d\u00e9mocratie \u00bb\u00a0 et de lire ou entendre certaines\u00a0d\u00e9clarations \u00ab la main sur le c\u0153ur \u00bb pour constater\u00a0combien le \u00ab compromis historique \u00bb vers des \u00e9lections\u00a0pr\u00e9sidentielles dans de tr\u00e8s brefs d\u00e9lais reste le seul\u00a0objectif de ce syst\u00e8me. C est sa carte de sauvetage et de\u00a0survie. Dans son discours d\u2019hier soir le Pr\u00e9sident par\u00a0int\u00e9rim Bensalah vient de confirmer cette option.<\/p>\n<p>Alors gardons le cap.<br \/>L\u2019Algerie nouvelle ne peut pas \u00eatre\u00a0une copie m\u00eame color\u00e9e de celle d\u2019hier. Elle ne pourra\u00a0pas se construire sans la cons\u00e9cration des Libert\u00e9s\u00a0individuelles et collectives. Elle ne pourra pas se faire\u00a0sans la lib\u00e9ration imm\u00e9diate de tous les d\u00e9tenus\u00a0d\u2019opinions injustement incarc\u00e9r\u00e9s.<\/p>\n<p>Elle ne pourra pas se construire sans\u00a0la libert\u00e9 de circuler , de se r\u00e9unir , d\u2019occuper les\u00a0espaces publics. L\u2019Algerie de demain ne se fera pas sans\u00a0justice sociale et transparence dans la gestion de ses\u00a0immenses richesses. L\u2019Algerie de demain doit consacrer\u00a0l\u2019\u00e9galit\u00e9 des droits entre tous ses citoyens,\u00a0femmes et hommes.\u00a0 Le pays que nous voulons doit \u00eatre\u00a0un pays souverain non inf\u00e9od\u00e9 aux int\u00e9r\u00eats quataris,\u00a0am\u00e9ricains , fran\u00e7ais et autres puissances. L\u2019Algerie\u00a0doit retrouver sa place dans le concert des Nations. Et\u00a0redevenir une voix pour les \u00ab\u00a0 sans voix \u00bb dans le\u00a0monde.<\/p>\n<p>Nous sommes un peuple digne et non une\u00a0masse de sujets \u00e0 la d\u00e9rive. Nous r\u00eavons d\u2019une\u00a0R\u00e9publique d\u00e9mocratique , sociale et \u00e9galitaire et non\u00a0d\u2019une \u00ab\u00a0 memlaka \u00bb o\u00f9 les hommes \u00ab du makhzen \u00bb\u00a0ont droit de vie et de mort sur chacune et chacun d\u2019entre\u00a0nous. Nous voulons une justice libre et ind\u00e9pendante et pas\u00a0une justice inf\u00e9od\u00e9e aux lignes t\u00e9l\u00e9phoniques des\u00a0puissants.<\/p>\n<p>Notre devise est plus forte que jamais.<br \/>Ne pas c\u00e9der \u00e0 la peur face \u00e0 la\u00a0contre-r\u00e9volution !\u00a0 Ne pas renoncer \u00e0 poursuivre la\u00a0mobilisation massive et pacifique ! Ne pas douter de notre\u00a0intelligence collective !<br \/>Faisons entendre la voix de millions\u00a0d\u2019alg\u00e9riennes et alg\u00e9riens pour la RUPTURE avec ce\u00a0syst\u00e8me \/ pouvoir.<br \/>Faisons de ce 5 juillet 2019 un jour de\u00a0Libert\u00e9 sans compromission avec ce pouvoir et ses affili\u00e9s\u2026<br \/>Gloire \u00e0 celles et ceux qui ont donn\u00e9\u00a0leurs vies pour semer en nous les graines de la dignite et\u00a0de la Libert\u00e9.<\/p>\n<p><span class=\"post-views-label\">Post Views:<\/span> <span class=\"post-views-count\">0<\/span><\/p>\n<p>Auteur: Mohand Yahiaoui<br \/>\n<a href=\"https:\/\/www.elwatan.com\/edition\/contributions\/5-juillet-1962-5-juillet-2019-soyons-des-millions-pour-honorer-notre-serment-de-fidelite-aux-justes-04-07-2019\">Cliquez ici pour lire l&rsquo;article depuis sa source.<\/a><\/p>\n","protected":false},"excerpt":{"rendered":"<p>Le vaste mouvement populaire et\u00a0pacifique a d\u2019ores et d\u00e9j\u00e0 fait bouger les lignes. Les\u00a0 cartes politiques se redistribuent et le rapport\u00a0de forces s\u2019est d\u00e9plac\u00e9 et ancr\u00e9 dans la rue. C\u2019est\u00a0incontestable. C\u2019est un acquis inestimable de cet immense\u00a0mouvement populaire qui, depuis le 22 f\u00e9vrier met en\u00a0difficult\u00e9 ce syst\u00e8me \/ pouvoir habitu\u00e9 \u00e0 d\u00e9cider et\u00a0agir sans se [&hellip;]<\/p>\n","protected":false},"author":1743,"featured_media":0,"comment_status":"closed","ping_status":"closed","sticky":false,"template":"","format":"standard","meta":{"fifu_image_url":"","fifu_image_alt":"","footnotes":""},"categories":[73,53],"tags":[],"class_list":["post-44373","post","type-post","status-publish","format-standard","hentry","category-actualite","category-algerie"],"_links":{"self":[{"href":"https:\/\/linitiative.ca\/International\/wp-json\/wp\/v2\/posts\/44373","targetHints":{"allow":["GET"]}}],"collection":[{"href":"https:\/\/linitiative.ca\/International\/wp-json\/wp\/v2\/posts"}],"about":[{"href":"https:\/\/linitiative.ca\/International\/wp-json\/wp\/v2\/types\/post"}],"author":[{"embeddable":true,"href":"https:\/\/linitiative.ca\/International\/wp-json\/wp\/v2\/users\/1743"}],"replies":[{"embeddable":true,"href":"https:\/\/linitiative.ca\/International\/wp-json\/wp\/v2\/comments?post=44373"}],"version-history":[{"count":0,"href":"https:\/\/linitiative.ca\/International\/wp-json\/wp\/v2\/posts\/44373\/revisions"}],"wp:attachment":[{"href":"https:\/\/linitiative.ca\/International\/wp-json\/wp\/v2\/media?parent=44373"}],"wp:term":[{"taxonomy":"category","embeddable":true,"href":"https:\/\/linitiative.ca\/International\/wp-json\/wp\/v2\/categories?post=44373"},{"taxonomy":"post_tag","embeddable":true,"href":"https:\/\/linitiative.ca\/International\/wp-json\/wp\/v2\/tags?post=44373"}],"curies":[{"name":"wp","href":"https:\/\/api.w.org\/{rel}","templated":true}]}}