{"id":44375,"date":"2019-07-04T05:58:00","date_gmt":"2019-07-04T09:58:00","guid":{"rendered":"https:\/\/linitiative.ca\/International\/mohamed-salah-ben-ammar-la-tunisie-menacee-par-ses-enfants\/"},"modified":"2019-07-04T05:58:00","modified_gmt":"2019-07-04T09:58:00","slug":"mohamed-salah-ben-ammar-la-tunisie-menacee-par-ses-enfants","status":"publish","type":"post","link":"https:\/\/linitiative.ca\/International\/mohamed-salah-ben-ammar-la-tunisie-menacee-par-ses-enfants\/","title":{"rendered":"Mohamed Salah Ben Ammar: La Tunisie menac\u00e9e par ses enfants"},"content":{"rendered":"<p>\u00ab L\u2019exp\u00e9rience d\u00e9mocratique tunisienne fait l\u2019objet de menace \u00bb Ce n\u2019est pas un extr\u00e9miste qui le dit mais un homme mod\u00e9r\u00e9 \u00e0 la parole rare. C&rsquo;est Monsieur le pr\u00e9sident de l\u2019ARP Mohamed Ennaceur le dit ainsi d&rsquo;autres, moins sages, ont parl\u00e9 de \u00ab\u00a0coup d&rsquo;Etat\u00a0\u00bb m\u00e9dical.<\/p>\n<p>L\u2019\u00e9ditorial du Monde titrait le 29 juin 2019 \u00ab La Tunisie fragilis\u00e9e par les atermoiements de son \u00e9lite politique\u00bb, et parlait de cour constitutionnelle non \u00e9tablie \u00e0 cause de \u00ab mesquins calculs partisans \u00bb \u00ab de turpitudes de l\u2019ancien r\u00e9gimes toujours pas vaincus \u00bb pour conclure que la population tunisienne en est aujourd\u2019hui la premi\u00e8re victime. D\u2019autres \u00e9ditorialistes sont arriv\u00e9s aux m\u00eames conclusions. Ind\u00e9niablement l\u2019exp\u00e9rience tunisienne a \u00e9t\u00e9 , depuis son d\u00e9but, menac\u00e9e de l\u2019ext\u00e9rieur et de l\u2019int\u00e9rieur.<\/p>\n<p>C&rsquo;est un euph\u00e9misme d&rsquo;affirmer que de l\u2019ext\u00e9rieur l\u2019exp\u00e9rience tunisienne ne plait pas \u00e0 tous. C\u2019est encore un exemple unique au sud de la m\u00e9diterran\u00e9e et dans le monde arabe. Sans sombrer dans une parano\u00efa excessive nous constatons derni\u00e8rement que les interventions \u00e9trang\u00e8res \u00ab amicales \u00bb dans la vie politique se font moins discr\u00e8tes. Elles viennent de toutes parts et prennent toutes les formes. Les \u00ab cadeaux \u00bb aux partis politiques affluent sans qu\u2019on sache tr\u00e8s bien qui donne quoi ni combien, tout se passe dans une opacit\u00e9 totale mais la finalit\u00e9 est \u00e9vidente, intervenir dans la vie politique int\u00e9rieure. \u00ab Timeo Danaos et dona ferentes \u00bb, nos politiques devraient se m\u00e9fier plus de ceux qui leur font des cadeaux que de ceux qui les critiquent. Il est angoissant de penser qu\u2019en 2020 le paysage politique local d\u00e9pendra des financements \u00e9trangers de certains partis. Il serait salutaire que l&rsquo;Etat reprenne sa place et fasse tomber les masques.<\/p>\n<p>De fait \u00e0 l\u2019int\u00e9rieur ces derniers temps la multiplication des coups de butoir contre la r\u00e9volution du 17 d\u00e9cembre &#8211; 14 janvier n&rsquo;annoncent rien de bon. Des discours n\u00e9gatifs se sont durablement install\u00e9s dans le paysage m\u00e9diatique.Le printemps tunisien est r\u00e9guli\u00e8rement moqu\u00e9 notamment par les nostalgiques de l&rsquo;ancien r\u00e9gime. Les \u00ab nouveaux partis \u00bb r\u00e9cemment constitu\u00e9s se disputent sans aucune pudeur les restes du RCD. Les anciens ministres de Ben Ali sont \u00e0 nouveau aux commandes. Ils ont \u00e9t\u00e9 absouts des m\u00e9faits de la dictature, des \u00e9lections truqu\u00e9es, de la corruption, de la situation catastrophique dans laquelle ils ont laiss\u00e9es nos institutions, du 26-26, des manipulations de la constitution. Ils \u00e9taient des ex\u00e9cutants, Ben Ali d\u00e9cidait seul disent-ils. Facile.<\/p>\n<p>Comme attendu dans ces conditions la parole contre-r\u00e9volutionnaire s&rsquo;est progressivement lib\u00e9r\u00e9e pour devenir agressive. C\u2019est une \u00ab r\u00e9volte t\u00e9l\u00e9guid\u00e9e de l\u2019\u00e9tranger \u00bb, \u00ab la situation \u00e9tait meilleure du temps de Ben Ali \u00bb distillent-ils insidieusement.\u00a0\u00bbLa r\u00e9volution de la brouette\u00a0\u00bb serait la cause de tous nos malheurs.\u00a0 La nouvelle constitution est rejet\u00e9e dans sa totalit\u00e9 parce que quelques-uns de ses articles n&rsquo;ont pas \u00e9t\u00e9 correctement appliqu\u00e9es durant ce quinquennat. Les acquis de la r\u00e9volution sont minor\u00e9s : Libert\u00e9 d&rsquo;expression? Elections libres? Ind\u00e9pendance de la justice? Autant d&rsquo;acquis et bien d&rsquo;autres en devenir qui ne sont pas valoris\u00e9s.<\/p>\n<p>Fini le romantisme r\u00e9volutionnaire, tellement n\u00e9cessaire, en particulier \u00e0 ceux qui souffrent de la situation \u00e9conomique g\u00e9n\u00e9r\u00e9e par l&rsquo;incomp\u00e9tence de nos gouvernants.<br \/>La soci\u00e9t\u00e9 civile n\u2019arrive plus \u00e0 se mobiliser ; qui se souvient de Kasbah 1 et 2, de la Coupole ? Finis les manifestations quasi quotidiennes, le sit-in au Bardo\u2026Les activistes n\u2019ont pas baiss\u00e9 les bras mais s\u2019interrogent sur la m\u00e9thode. Ils ont \u00e9t\u00e9 trahis par leurs leaders que les dorures de la r\u00e9publique ont d\u00e9tourn\u00e9s de leur id\u00e9al r\u00e9volutionnaire.<\/p>\n<p>Plus aucun doute n\u2019est permis, l\u2019exp\u00e9rience d\u00e9mocratique tunisienne est menac\u00e9e de l\u2019ext\u00e9rieur et de l\u2019int\u00e9rieur. Les r\u00f4les sont diff\u00e9rents mais faire \u00e9chouer l\u2019exp\u00e9rience d\u00e9mocratique est un objectif commun, c\u2019est \u00e9vident.<\/p>\n<p>Une prise de conscience est n\u00e9cessaire. Nous l&rsquo;oublions souvent \u00ab La d\u00e9mocratie est un processus de construction permanent\u2026\u00bb. Au lieu de nous d\u00e9truire, sachons faire de nos rat\u00e9s des opportunit\u00e9s. Ce n\u2019est pas le cas actuellement, nous nous enfon\u00e7ons dans nos contradictions. Ceci implique entre autres une remobilisation de la soci\u00e9t\u00e9 civile pour redresser le processus en cours. Men\u00e9e \u00e0 son terme, l\u2019exp\u00e9rience tunisienne changera la face du monde dans notre r\u00e9gion. Nos \u00ab amis \u00bb et \u00ab les pays fr\u00e8res \u00bb avec la complicit\u00e9 de forces int\u00e9rieurs l\u2019ont tr\u00e8s vite compris ; leur empressement \u00e0 investir sur certains groupes, n\u2019est ni plus ni moins qu\u2019une man\u0153uvre pour peser sur le processus d\u00e9mocratique.<\/p>\n<p>Peut-\u00eatre, emport\u00e9s par notre \u00e9lan, n\u2019avons-nous pas pris conscience des risques que la p\u00e9riode actuelle fait courir \u00e0 l\u2019avenir du pays. Les enjeux actuels d\u00e9passent de loin un rendez-vous \u00e9lectoral ou la constitution d\u2019un parti. C\u2019est de notre futur qu\u2019il s\u2019agit.<\/p>\n<p class=\"c2\"><strong>Mohamed Salah Ben Ammar<\/strong><\/p>\n<p>Auteur:<br \/>\n<a href=\"https:\/\/www.leaders.com.tn\/article\/27436-mohamed-salah-ben-ammar-la-tunisie-menacee-par-ses-enfants\">Cliquez ici pour lire l&rsquo;article depuis sa source.<\/a><\/p>\n","protected":false},"excerpt":{"rendered":"<p>\u00ab L\u2019exp\u00e9rience d\u00e9mocratique tunisienne fait l\u2019objet de menace \u00bb Ce n\u2019est pas un extr\u00e9miste qui le dit mais un homme mod\u00e9r\u00e9 \u00e0 la parole rare. C&rsquo;est Monsieur le pr\u00e9sident de l\u2019ARP Mohamed Ennaceur le dit ainsi d&rsquo;autres, moins sages, ont parl\u00e9 de \u00ab\u00a0coup d&rsquo;Etat\u00a0\u00bb m\u00e9dical. L\u2019\u00e9ditorial du Monde titrait le 29 juin 2019 \u00ab La [&hellip;]<\/p>\n","protected":false},"author":1772,"featured_media":0,"comment_status":"closed","ping_status":"closed","sticky":false,"template":"","format":"standard","meta":{"fifu_image_url":"","fifu_image_alt":"","footnotes":""},"categories":[73,55],"tags":[],"class_list":["post-44375","post","type-post","status-publish","format-standard","hentry","category-actualite","category-tunisie"],"_links":{"self":[{"href":"https:\/\/linitiative.ca\/International\/wp-json\/wp\/v2\/posts\/44375","targetHints":{"allow":["GET"]}}],"collection":[{"href":"https:\/\/linitiative.ca\/International\/wp-json\/wp\/v2\/posts"}],"about":[{"href":"https:\/\/linitiative.ca\/International\/wp-json\/wp\/v2\/types\/post"}],"author":[{"embeddable":true,"href":"https:\/\/linitiative.ca\/International\/wp-json\/wp\/v2\/users\/1772"}],"replies":[{"embeddable":true,"href":"https:\/\/linitiative.ca\/International\/wp-json\/wp\/v2\/comments?post=44375"}],"version-history":[{"count":0,"href":"https:\/\/linitiative.ca\/International\/wp-json\/wp\/v2\/posts\/44375\/revisions"}],"wp:attachment":[{"href":"https:\/\/linitiative.ca\/International\/wp-json\/wp\/v2\/media?parent=44375"}],"wp:term":[{"taxonomy":"category","embeddable":true,"href":"https:\/\/linitiative.ca\/International\/wp-json\/wp\/v2\/categories?post=44375"},{"taxonomy":"post_tag","embeddable":true,"href":"https:\/\/linitiative.ca\/International\/wp-json\/wp\/v2\/tags?post=44375"}],"curies":[{"name":"wp","href":"https:\/\/api.w.org\/{rel}","templated":true}]}}