{"id":44390,"date":"2019-07-04T11:51:52","date_gmt":"2019-07-04T15:51:52","guid":{"rendered":"https:\/\/linitiative.ca\/International\/tripoli-six-marocains-blesses-dans-le-raid-aerien-contre-un-centre-pour-migrants\/"},"modified":"2019-07-04T11:51:52","modified_gmt":"2019-07-04T15:51:52","slug":"tripoli-six-marocains-blesses-dans-le-raid-aerien-contre-un-centre-pour-migrants","status":"publish","type":"post","link":"https:\/\/linitiative.ca\/International\/tripoli-six-marocains-blesses-dans-le-raid-aerien-contre-un-centre-pour-migrants\/","title":{"rendered":"Tripoli : Six Marocains bless\u00e9s dans le raid a\u00e9rien contre un centre pour migrants"},"content":{"rendered":"<p><strong>Six Marocains ont \u00e9t\u00e9 bless\u00e9s, dont deux gri\u00e8vement, dans la frappe a\u00e9rienne de mardi soir contre un centre d\u2019accueil pour migrants \u00e0 Tajoura (11 km \u00e0 l\u2019est de Tripoli), a annonc\u00e9 jeudi le Consulat g\u00e9n\u00e9ral du Maroc \u00e0 Tunis.<\/strong><\/p>\n<div class=\"c10\"\/>\n<p>\u00ab\u00a0Aucun d\u00e9c\u00e8s n\u2019est \u00e0 d\u00e9plorer parmi les Marocains\u00a0\u00bb jusqu\u2019\u00e0 pr\u00e9sent, a rassur\u00e9 le Consulat g\u00e9n\u00e9ral du Royaume \u00e0 Tunis, qui fait \u00e9tat de la poursuite des op\u00e9rations de d\u00e9termination de l\u2019identit\u00e9 des cadavres. Il a relev\u00e9 que les Marocains bless\u00e9s ont \u00e9t\u00e9 transf\u00e9r\u00e9s dans un \u00e9tablissement hospitalier pour recevoir les soins n\u00e9cessaires, ajoutant que le centre accueillait 18 ressortissants marocains.<\/p>\n<p>La m\u00eame source a soulign\u00e9 que dans le cadre du suivi de la situation des Marocains qui pourraient \u00eatre touch\u00e9s dans ce raid a\u00e9rien, des contacts directs ont \u00e9t\u00e9 entrepris avec les diff\u00e9rents intervenants libyens sur place. Parall\u00e8lement, il a \u00e9t\u00e9 proc\u00e9d\u00e9 \u00e0 la mise en place de deux cellules de crise au minist\u00e8re des Affaires \u00e9trang\u00e8res et de la Coop\u00e9ration Internationale et au Consulat g\u00e9n\u00e9ral du Royaume \u00e0 Tunis, a-t-on pr\u00e9cis\u00e9.<\/p>\n<p>Le Consulat fait savoir que ces cellules de crise sont joignables respectivement sur les num\u00e9ros de t\u00e9l\u00e9phone 00212613500678 et 0021698765801, ainsi que sur l\u2019adresse \u00e9lectronique <a href=\"\/cdn-cgi\/l\/email-protection\" class=\"__cf_email__\" data-cfemail=\"e7848889948a8695939289c99488848e868b8294a7808a868e8bc984888ac9\">[email\u00a0protected]<\/a><\/p>\n<div class=\"c17\">\n<fieldset class=\"c16\">\n<legend><strong><span class=\"c11\">Challenge<\/span><span class=\"c12\">news<\/span><\/strong><\/legend>\n<div class=\"c15\">Le meilleur de la r\u00e9daction s\u00e9lectionn\u00e9 par Challenge :<\/p>\n<\/div>\n<\/fieldset>\n<\/div>\n<p>Auteur: challenge<br \/>\n<a href=\"https:\/\/www.challenge.ma\/tripoli-six-marocains-blesses-dans-le-raid-aerien-contre-un-centre-pour-migrants-112109\/\">Cliquez ici pour lire l&rsquo;article depuis sa source.<\/a><\/p>\n","protected":false},"excerpt":{"rendered":"<p>Six Marocains ont \u00e9t\u00e9 bless\u00e9s, dont deux gri\u00e8vement, dans la frappe a\u00e9rienne de mardi soir contre un centre d\u2019accueil pour migrants \u00e0 Tajoura (11 km \u00e0 l\u2019est de Tripoli), a annonc\u00e9 jeudi le Consulat g\u00e9n\u00e9ral du Maroc \u00e0 Tunis. \u00ab\u00a0Aucun d\u00e9c\u00e8s n\u2019est \u00e0 d\u00e9plorer parmi les Marocains\u00a0\u00bb jusqu\u2019\u00e0 pr\u00e9sent, a rassur\u00e9 le Consulat g\u00e9n\u00e9ral du [&hellip;]<\/p>\n","protected":false},"author":1787,"featured_media":0,"comment_status":"closed","ping_status":"closed","sticky":false,"template":"","format":"standard","meta":{"fifu_image_url":"","fifu_image_alt":"","footnotes":""},"categories":[78,54],"tags":[],"class_list":["post-44390","post","type-post","status-publish","format-standard","hentry","category-economie","category-maroc"],"_links":{"self":[{"href":"https:\/\/linitiative.ca\/International\/wp-json\/wp\/v2\/posts\/44390","targetHints":{"allow":["GET"]}}],"collection":[{"href":"https:\/\/linitiative.ca\/International\/wp-json\/wp\/v2\/posts"}],"about":[{"href":"https:\/\/linitiative.ca\/International\/wp-json\/wp\/v2\/types\/post"}],"author":[{"embeddable":true,"href":"https:\/\/linitiative.ca\/International\/wp-json\/wp\/v2\/users\/1787"}],"replies":[{"embeddable":true,"href":"https:\/\/linitiative.ca\/International\/wp-json\/wp\/v2\/comments?post=44390"}],"version-history":[{"count":0,"href":"https:\/\/linitiative.ca\/International\/wp-json\/wp\/v2\/posts\/44390\/revisions"}],"wp:attachment":[{"href":"https:\/\/linitiative.ca\/International\/wp-json\/wp\/v2\/media?parent=44390"}],"wp:term":[{"taxonomy":"category","embeddable":true,"href":"https:\/\/linitiative.ca\/International\/wp-json\/wp\/v2\/categories?post=44390"},{"taxonomy":"post_tag","embeddable":true,"href":"https:\/\/linitiative.ca\/International\/wp-json\/wp\/v2\/tags?post=44390"}],"curies":[{"name":"wp","href":"https:\/\/api.w.org\/{rel}","templated":true}]}}