{"id":44391,"date":"2019-07-04T12:07:01","date_gmt":"2019-07-04T16:07:01","guid":{"rendered":"https:\/\/linitiative.ca\/International\/creation-dentreprise-les-procedures-simplifiees\/"},"modified":"2019-07-04T12:07:01","modified_gmt":"2019-07-04T16:07:01","slug":"creation-dentreprise-les-procedures-simplifiees","status":"publish","type":"post","link":"https:\/\/linitiative.ca\/International\/creation-dentreprise-les-procedures-simplifiees\/","title":{"rendered":"Cr\u00e9ation d\u2019entreprise : les proc\u00e9dures simplifi\u00e9es"},"content":{"rendered":"<p><strong>Une nouvelle r\u00e9forme du cadre juridique r\u00e9gissant la cr\u00e9ation d\u2019entreprise a \u00e9t\u00e9 conduite et a port\u00e9 particuli\u00e8rement sur l\u2019instauration de la voie \u00e9lectronique pour toutes les d\u00e9marches li\u00e9es \u00e0 cette op\u00e9ration et \u00e0 toutes les op\u00e9rations post\u00e9rieures inscrites au registre de commerce.<\/strong><\/p>\n<div class=\"c10\"\/>\n<p>L\u2019objet de la pr\u00e9sente note d\u2019information publi\u00e9 par l\u2019Office marocain de la propri\u00e9t\u00e9 industrielle et commerciale (<strong>OMPIC<\/strong>) est d\u2019informer les usagers des changements concernant la proc\u00e9dure de demande et de d\u00e9livrance du certificat n\u00e9gatif et qui s\u2019inscrivent dans le cadre de l\u2019am\u00e9lioration et la simplification des proc\u00e9dures concernant la cr\u00e9ation d\u2019entreprise.<\/p>\n<p>Lire aussi : <a href=\"https:\/\/www.challenge.ma\/lompic-un-acteur-incontournable-dans-lecosysteme-de-lentreprise-108596\/\" target=\"_blank\" rel=\"noopener noreferrer\">L\u2019OMPIC, un acteur incontournable dans l\u2019\u00e9cosyst\u00e8me de l\u2019entreprise<\/a><\/p>\n<p><img loading=\"lazy\" decoding=\"async\" class=\"alignnone size-large wp-image-112111\" src=\"https:\/\/www.challenge.ma\/wp-content\/uploads\/2019\/07\/ompic-728x1024.jpg\" alt=\"\" width=\"728\" height=\"1024\" srcset=\"https:\/\/www.challenge.ma\/wp-content\/uploads\/2019\/07\/ompic-728x1024.jpg 728w, https:\/\/www.challenge.ma\/wp-content\/uploads\/2019\/07\/ompic-213x300.jpg 213w, https:\/\/www.challenge.ma\/wp-content\/uploads\/2019\/07\/ompic-768x1081.jpg 768w, https:\/\/www.challenge.ma\/wp-content\/uploads\/2019\/07\/ompic-360x507.jpg 360w, https:\/\/www.challenge.ma\/wp-content\/uploads\/2019\/07\/ompic-750x1056.jpg 750w, https:\/\/www.challenge.ma\/wp-content\/uploads\/2019\/07\/ompic.jpg 1080w\" sizes=\"auto, (max-width: 728px) 100vw, 728px\"\/><img loading=\"lazy\" decoding=\"async\" class=\"alignnone size-large wp-image-112113\" src=\"https:\/\/www.challenge.ma\/wp-content\/uploads\/2019\/07\/ompic2-713x1024.jpg\" alt=\"\" width=\"713\" height=\"1024\" srcset=\"https:\/\/www.challenge.ma\/wp-content\/uploads\/2019\/07\/ompic2-713x1024.jpg 713w, https:\/\/www.challenge.ma\/wp-content\/uploads\/2019\/07\/ompic2-209x300.jpg 209w, https:\/\/www.challenge.ma\/wp-content\/uploads\/2019\/07\/ompic2-768x1103.jpg 768w, https:\/\/www.challenge.ma\/wp-content\/uploads\/2019\/07\/ompic2-360x517.jpg 360w, https:\/\/www.challenge.ma\/wp-content\/uploads\/2019\/07\/ompic2-750x1078.jpg 750w, https:\/\/www.challenge.ma\/wp-content\/uploads\/2019\/07\/ompic2.jpg 1012w\" sizes=\"auto, (max-width: 713px) 100vw, 713px\"\/>Dans le cadre de<\/p>\n<div class=\"c17\">\n<fieldset class=\"c16\">\n<legend><strong><span class=\"c11\">Challenge<\/span><span class=\"c12\">news<\/span><\/strong><\/legend>\n<div class=\"c15\">Le meilleur de la r\u00e9daction s\u00e9lectionn\u00e9 par Challenge :<\/p>\n<\/div>\n<\/fieldset>\n<\/div>\n<p>Auteur: Hajar DARI<br \/>\n<a href=\"https:\/\/www.challenge.ma\/creation-dentreprise-les-procedures-simplifiees-112108\/\">Cliquez ici pour lire l&rsquo;article depuis sa source.<\/a><\/p>\n","protected":false},"excerpt":{"rendered":"<p>Une nouvelle r\u00e9forme du cadre juridique r\u00e9gissant la cr\u00e9ation d\u2019entreprise a \u00e9t\u00e9 conduite et a port\u00e9 particuli\u00e8rement sur l\u2019instauration de la voie \u00e9lectronique pour toutes les d\u00e9marches li\u00e9es \u00e0 cette op\u00e9ration et \u00e0 toutes les op\u00e9rations post\u00e9rieures inscrites au registre de commerce. L\u2019objet de la pr\u00e9sente note d\u2019information publi\u00e9 par l\u2019Office marocain de la propri\u00e9t\u00e9 [&hellip;]<\/p>\n","protected":false},"author":1787,"featured_media":44392,"comment_status":"closed","ping_status":"closed","sticky":false,"template":"","format":"standard","meta":{"fifu_image_url":"","fifu_image_alt":"","footnotes":""},"categories":[78,54],"tags":[],"class_list":["post-44391","post","type-post","status-publish","format-standard","has-post-thumbnail","hentry","category-economie","category-maroc"],"_links":{"self":[{"href":"https:\/\/linitiative.ca\/International\/wp-json\/wp\/v2\/posts\/44391","targetHints":{"allow":["GET"]}}],"collection":[{"href":"https:\/\/linitiative.ca\/International\/wp-json\/wp\/v2\/posts"}],"about":[{"href":"https:\/\/linitiative.ca\/International\/wp-json\/wp\/v2\/types\/post"}],"author":[{"embeddable":true,"href":"https:\/\/linitiative.ca\/International\/wp-json\/wp\/v2\/users\/1787"}],"replies":[{"embeddable":true,"href":"https:\/\/linitiative.ca\/International\/wp-json\/wp\/v2\/comments?post=44391"}],"version-history":[{"count":0,"href":"https:\/\/linitiative.ca\/International\/wp-json\/wp\/v2\/posts\/44391\/revisions"}],"wp:featuredmedia":[{"embeddable":true,"href":"https:\/\/linitiative.ca\/International\/wp-json\/"}],"wp:attachment":[{"href":"https:\/\/linitiative.ca\/International\/wp-json\/wp\/v2\/media?parent=44391"}],"wp:term":[{"taxonomy":"category","embeddable":true,"href":"https:\/\/linitiative.ca\/International\/wp-json\/wp\/v2\/categories?post=44391"},{"taxonomy":"post_tag","embeddable":true,"href":"https:\/\/linitiative.ca\/International\/wp-json\/wp\/v2\/tags?post=44391"}],"curies":[{"name":"wp","href":"https:\/\/api.w.org\/{rel}","templated":true}]}}