{"id":44405,"date":"2019-07-04T16:53:10","date_gmt":"2019-07-04T20:53:10","guid":{"rendered":"https:\/\/linitiative.ca\/International\/tunisie-la-prince-tamim-du-qatar-appelle-au-telephone-bce\/"},"modified":"2019-07-04T16:53:10","modified_gmt":"2019-07-04T20:53:10","slug":"tunisie-la-prince-tamim-du-qatar-appelle-au-telephone-bce","status":"publish","type":"post","link":"https:\/\/linitiative.ca\/International\/tunisie-la-prince-tamim-du-qatar-appelle-au-telephone-bce\/","title":{"rendered":"Tunisie \u2013 La prince Tamim du Qatar appelle au t\u00e9l\u00e9phone BCE"},"content":{"rendered":"<div class=\"post-cont-in left relative\">\n<div class=\"swp_social_panel swp_horizontal_panel swp_flat_fresh swp_default_full_color swp_individual_full_color swp_other_full_color scale-100 scale-\" data-min-width=\"1100\" data-float-color=\"#ffffff\" data-float=\"none\" data-float-mobile=\"none\" data-transition=\"slide\">\n<div class=\"nc_tweetContainer swp_share_button total_shares total_sharesalt\"><span class=\"swp_count\">19 <span class=\"swp_label\">Partages<\/span><\/span><\/div>\n<\/div>\n<p>La page officielle de la pr\u00e9sidence de la R\u00e9publique a annonc\u00e9, ce jeudi, que le prince Tamim du Qatar a appel\u00e9 ce jeudi, le pr\u00e9sident B\u00e9ji Ca\u00efed Essebsi, pour s\u2019enqu\u00e9rir de sa sant\u00e9, suite \u00e0 sa derni\u00e8re hospitalisation et pour lui t\u00e9moigner sa sympathie et ses sentiments fraternels.<\/p>\n<div class=\"mvp-org-wrap mvp-org-logo\" itemprop=\"publisher\" itemscope=\"\" itemtype=\"https:\/\/schema.org\/Organization\"><img decoding=\"async\" src=\"https:\/\/www.tunisienumerique.com\/wp-content\/uploads\/2017\/02\/logo_tunisie_numerique.png\"\/><\/div>\n<div class=\"swp_social_panel swp_horizontal_panel swp_flat_fresh swp_default_full_color swp_individual_full_color swp_other_full_color scale-100 scale-\" data-min-width=\"1100\" data-float-color=\"#ffffff\" data-float=\"none\" data-float-mobile=\"none\" data-transition=\"slide\">\n<div class=\"nc_tweetContainer swp_share_button total_shares total_sharesalt\"><span class=\"swp_count\">19 <span class=\"swp_label\">Partages<\/span><\/span><\/div>\n<\/div>\n<div class=\"mvp-related-posts left relative\">\n<h4 class=\"post-header\"><span class=\"post-header\">Lire aussi<\/span><\/h4>\n<\/div>\n<\/div>\n<p>Auteur: LM<br \/>\n<a href=\"https:\/\/www.tunisienumerique.com\/tunisie-la-prince-tamim-du-qatar-appelle-au-telephone-bce\/\">Cliquez ici pour lire l&rsquo;article depuis sa source.<\/a><\/p>\n","protected":false},"excerpt":{"rendered":"<p>19 Partages La page officielle de la pr\u00e9sidence de la R\u00e9publique a annonc\u00e9, ce jeudi, que le prince Tamim du Qatar a appel\u00e9 ce jeudi, le pr\u00e9sident B\u00e9ji Ca\u00efed Essebsi, pour s\u2019enqu\u00e9rir de sa sant\u00e9, suite \u00e0 sa derni\u00e8re hospitalisation et pour lui t\u00e9moigner sa sympathie et ses sentiments fraternels. 19 Partages Lire aussi Auteur: [&hellip;]<\/p>\n","protected":false},"author":1789,"featured_media":44406,"comment_status":"closed","ping_status":"closed","sticky":false,"template":"","format":"standard","meta":{"fifu_image_url":"","fifu_image_alt":"","footnotes":""},"categories":[73,55],"tags":[],"class_list":["post-44405","post","type-post","status-publish","format-standard","has-post-thumbnail","hentry","category-actualite","category-tunisie"],"_links":{"self":[{"href":"https:\/\/linitiative.ca\/International\/wp-json\/wp\/v2\/posts\/44405","targetHints":{"allow":["GET"]}}],"collection":[{"href":"https:\/\/linitiative.ca\/International\/wp-json\/wp\/v2\/posts"}],"about":[{"href":"https:\/\/linitiative.ca\/International\/wp-json\/wp\/v2\/types\/post"}],"author":[{"embeddable":true,"href":"https:\/\/linitiative.ca\/International\/wp-json\/wp\/v2\/users\/1789"}],"replies":[{"embeddable":true,"href":"https:\/\/linitiative.ca\/International\/wp-json\/wp\/v2\/comments?post=44405"}],"version-history":[{"count":0,"href":"https:\/\/linitiative.ca\/International\/wp-json\/wp\/v2\/posts\/44405\/revisions"}],"wp:featuredmedia":[{"embeddable":true,"href":"https:\/\/linitiative.ca\/International\/wp-json\/"}],"wp:attachment":[{"href":"https:\/\/linitiative.ca\/International\/wp-json\/wp\/v2\/media?parent=44405"}],"wp:term":[{"taxonomy":"category","embeddable":true,"href":"https:\/\/linitiative.ca\/International\/wp-json\/wp\/v2\/categories?post=44405"},{"taxonomy":"post_tag","embeddable":true,"href":"https:\/\/linitiative.ca\/International\/wp-json\/wp\/v2\/tags?post=44405"}],"curies":[{"name":"wp","href":"https:\/\/api.w.org\/{rel}","templated":true}]}}