{"id":44407,"date":"2019-07-04T16:58:46","date_gmt":"2019-07-04T20:58:46","guid":{"rendered":"https:\/\/linitiative.ca\/International\/tunisie-gabes-deux-morts-et-six-blesses-dans-un-accident-de-la-route\/"},"modified":"2019-07-04T16:58:46","modified_gmt":"2019-07-04T20:58:46","slug":"tunisie-gabes-deux-morts-et-six-blesses-dans-un-accident-de-la-route","status":"publish","type":"post","link":"https:\/\/linitiative.ca\/International\/tunisie-gabes-deux-morts-et-six-blesses-dans-un-accident-de-la-route\/","title":{"rendered":"Tunisie \u2013 Gabes\u00a0: Deux morts et six bless\u00e9s dans un accident de la route"},"content":{"rendered":"<div class=\"post-cont-in left relative\">\n<div class=\"swp_social_panel swp_horizontal_panel swp_flat_fresh swp_default_full_color swp_individual_full_color swp_other_full_color scale-100 scale-\" data-min-width=\"1100\" data-float-color=\"#ffffff\" data-float=\"none\" data-float-mobile=\"none\" data-transition=\"slide\">\n<div class=\"nc_tweetContainer swp_share_button total_shares total_sharesalt\"><span class=\"swp_count\">32 <span class=\"swp_label\">Partages<\/span><\/span><\/div>\n<\/div>\n<p>Un accident de la route a eu lieu cet apr\u00e8s midi, au niveau de la localit\u00e9 de Zagrata, entre Gabes et Gafsa.<\/p>\n<p>L\u2019accident a consist\u00e9 en le renversement d\u2019une voiture de louage. Ce qui a occasionn\u00e9 le d\u00e9c\u00e8s de deux de ses occupants sur place et des blessures plus ou moins graves, chez six autres qui ont d\u00fb \u00eatre transf\u00e9r\u00e9s vers les h\u00f4pitaux de Ouedhref et de Gabes, pour y b\u00e9n\u00e9ficier des soins n\u00e9cessaires.<\/p>\n<div class=\"code-block code-block-1 c3\"><ins class=\"adsbygoogle c2\" data-ad-layout=\"in-article\" data-ad-format=\"fluid\" data-ad-client=\"ca-pub-2102118777505746\" data-ad-slot=\"7301775417\"\/> <\/div>\n<div class=\"mvp-org-wrap mvp-org-logo\" itemprop=\"publisher\" itemscope=\"\" itemtype=\"https:\/\/schema.org\/Organization\"><img decoding=\"async\" src=\"https:\/\/www.tunisienumerique.com\/wp-content\/uploads\/2017\/02\/logo_tunisie_numerique.png\"\/><\/div>\n<div class=\"swp_social_panel swp_horizontal_panel swp_flat_fresh swp_default_full_color swp_individual_full_color swp_other_full_color scale-100 scale-\" data-min-width=\"1100\" data-float-color=\"#ffffff\" data-float=\"none\" data-float-mobile=\"none\" data-transition=\"slide\">\n<div class=\"nc_tweetContainer swp_share_button total_shares total_sharesalt\"><span class=\"swp_count\">32 <span class=\"swp_label\">Partages<\/span><\/span><\/div>\n<\/div>\n<div class=\"mvp-related-posts left relative\">\n<h4 class=\"post-header\"><span class=\"post-header\">Lire aussi<\/span><\/h4>\n<\/div>\n<\/div>\n<p>Auteur: LM<br \/>\n<a href=\"https:\/\/www.tunisienumerique.com\/tunisie-gabes-deux-morts-et-six-blesses-dans-un-accident-de-la-route\/\">Cliquez ici pour lire l&rsquo;article depuis sa source.<\/a><\/p>\n","protected":false},"excerpt":{"rendered":"<p>32 Partages Un accident de la route a eu lieu cet apr\u00e8s midi, au niveau de la localit\u00e9 de Zagrata, entre Gabes et Gafsa. L\u2019accident a consist\u00e9 en le renversement d\u2019une voiture de louage. Ce qui a occasionn\u00e9 le d\u00e9c\u00e8s de deux de ses occupants sur place et des blessures plus ou moins graves, chez [&hellip;]<\/p>\n","protected":false},"author":1789,"featured_media":44408,"comment_status":"closed","ping_status":"closed","sticky":false,"template":"","format":"standard","meta":{"fifu_image_url":"","fifu_image_alt":"","footnotes":""},"categories":[73,55],"tags":[],"class_list":["post-44407","post","type-post","status-publish","format-standard","has-post-thumbnail","hentry","category-actualite","category-tunisie"],"_links":{"self":[{"href":"https:\/\/linitiative.ca\/International\/wp-json\/wp\/v2\/posts\/44407","targetHints":{"allow":["GET"]}}],"collection":[{"href":"https:\/\/linitiative.ca\/International\/wp-json\/wp\/v2\/posts"}],"about":[{"href":"https:\/\/linitiative.ca\/International\/wp-json\/wp\/v2\/types\/post"}],"author":[{"embeddable":true,"href":"https:\/\/linitiative.ca\/International\/wp-json\/wp\/v2\/users\/1789"}],"replies":[{"embeddable":true,"href":"https:\/\/linitiative.ca\/International\/wp-json\/wp\/v2\/comments?post=44407"}],"version-history":[{"count":0,"href":"https:\/\/linitiative.ca\/International\/wp-json\/wp\/v2\/posts\/44407\/revisions"}],"wp:featuredmedia":[{"embeddable":true,"href":"https:\/\/linitiative.ca\/International\/wp-json\/"}],"wp:attachment":[{"href":"https:\/\/linitiative.ca\/International\/wp-json\/wp\/v2\/media?parent=44407"}],"wp:term":[{"taxonomy":"category","embeddable":true,"href":"https:\/\/linitiative.ca\/International\/wp-json\/wp\/v2\/categories?post=44407"},{"taxonomy":"post_tag","embeddable":true,"href":"https:\/\/linitiative.ca\/International\/wp-json\/wp\/v2\/tags?post=44407"}],"curies":[{"name":"wp","href":"https:\/\/api.w.org\/{rel}","templated":true}]}}