{"id":44416,"date":"2019-07-04T17:23:38","date_gmt":"2019-07-04T21:23:38","guid":{"rendered":"https:\/\/linitiative.ca\/International\/lutte-contre-le-mariage-denfants\/"},"modified":"2019-07-04T17:23:38","modified_gmt":"2019-07-04T21:23:38","slug":"lutte-contre-le-mariage-denfants","status":"publish","type":"post","link":"https:\/\/linitiative.ca\/International\/lutte-contre-le-mariage-denfants\/","title":{"rendered":"Lutte contre le mariage d\u2019enfants"},"content":{"rendered":"<div class=\"td-post-featured-image\"><a href=\"https:\/\/i1.wp.com\/www.sidwaya.info\/wp-content\/uploads\/2019\/07\/smarty.gif?fit=787%2C590&#038;ssl=1\" data-caption=\"\"><img loading=\"lazy\" decoding=\"async\" width=\"696\" height=\"522\" class=\"entry-thumb td-modal-image\" src=\"https:\/\/i1.wp.com\/www.sidwaya.info\/wp-content\/uploads\/2019\/07\/smarty.gif?resize=696%2C522&#038;ssl=1\" alt=\"\" title=\"smarty\"\/><\/a><\/div>\n<p><strong>Dans le cadre de la campagne \u00abNe m\u2019appelez pas madame\u00bb du Fonds des Nations unies pour l\u2019enfance (UNICEF), l\u2019artiste-musicien burkinab\u00e8 Smarty a r\u00e9alis\u00e9 un clip vid\u00e9o d\u00e9nomm\u00e9 \u00abOmbre de la nuit\u00bb. L\u2019\u0153uvre a \u00e9t\u00e9 officiellement pr\u00e9sent\u00e9e au public, le jeudi 4 juillet 2019, \u00e0 Ouagadougou.<\/strong><\/p>\n<p>Dans le monde en g\u00e9n\u00e9ral, une fille sur trois est mari\u00e9e avant l\u2019\u00e2ge de 18 ans et une sur neuf avant 15 ans dans les pays \u00e0 revenu faible et interm\u00e9diaire, selon les statistiques de l\u2019Union africaine (UA). Cette pratique est plus fr\u00e9quente en Afrique de l\u2019Ouest o\u00f9 deux femmes sur cinq sont mari\u00e9es avant l\u2019\u00e2ge de 18 ans, et une femme sur six avant 15 ans. Le Burkina Faso n\u2019\u00e9chappe pas \u00e0 cette situation avec des chiffres\u00a0\u00abassez alarmants\u00bb. En effet, selon un rapport du Fonds des Nations unies pour l\u2019enfance (UNICEF), 52% des filles au pays des Hommes int\u00e8gres sont mari\u00e9es avant l\u2019\u00e2ge de 18 ans et 10% avant 15 ans. Face \u00e0 ce constat et en vue de l\u2019acc\u00e9l\u00e9ration de l\u2019\u00e9limination de la pratique, les organismes internationaux de d\u00e9fense des droits de l\u2019enfant, sous la houlette de l\u2019UNICEF, ont lanc\u00e9 une campagne d\u00e9nomm\u00e9e\u00a0: \u00abNe m\u2019appelez pas madame\u00bb, le 6 mars 2019. En vue d\u2019appuyer cette campagne, l\u2019artiste-musicien burkinab\u00e8 Smarty a r\u00e9alis\u00e9 un clip vid\u00e9o d\u2019environ 5 minutes d\u00e9nomm\u00e9\u00a0: \u00abOmbre de la nuit\u00bb qui a \u00e9t\u00e9 officiellement pr\u00e9sent\u00e9 au public, le jeudi 4 juillet 2019 \u00e0 Ouagadougou. Un clip qui, au-del\u00e0 du son et des images, raconte selon l\u2019auteur, une histoire. Il s\u2019agit de celle d\u2019une petite fille qui a \u00e9t\u00e9 arrach\u00e9e des bancs pour \u00eatre donn\u00e9e en mariage. Une fa\u00e7on pour l\u2019artiste d\u2019interpeller les parents sur l\u2019importance de ne pas marier leurs enfants t\u00f4t, car cela a des cons\u00e9quences n\u00e9gatives sur leur sant\u00e9, leur \u00e9ducation, etc. Pour Smarty, un artiste n\u2019est utile que lorsque sa chanson porte un message. \u00abEcrire des chansons et \u00eatre sur sc\u00e8ne, c\u2019est bien. Organiser des spectacles payants \u00e9galement est bon. Mais, on est utile en tant qu\u2019artiste que lorsque notre chanson porte un message et qu\u2019au-del\u00e0 de l\u2019aspect lucratif, nous puissions contribuer \u00e0 faire changer certaines choses\u00bb, a-t-il d\u00e9clar\u00e9. Il a traduit sa reconnaissance \u00e0 tous ceux qui ont contribu\u00e9 \u00e0 la r\u00e9alisation du clip. Il s\u2019agit notamment de l\u2019UNICEF et de l\u2019ensemble des acteurs et techniciens qui ont particip\u00e9 au tournage. Il a invit\u00e9 les m\u00e9lomanes \u00e0 soutenir ce projet et \u00e0 partager le clip afin que le message v\u00e9hicul\u00e9 puisse atteindre le maximum de personnes.<\/p>\n<p>Nad\u00e8ge YAMEOGO<br \/>Panson Antoinette BENON<br \/>(Stagiaire)<\/p>\n<div class=\"td-a-rec td-a-rec-id-content_bottom td_uid_30_5d1e7330bcf42_rand td_block_template_1\"><img loading=\"lazy\" decoding=\"async\" class=\"aligncenter size-full wp-image-9623\" src=\"https:\/\/www.sidwaya.info\/wp-content\/uploads\/2019\/06\/Projet-bannie%CC%80re-Orange-mobile.jpg\" alt=\"\" width=\"728\" height=\"81\"\/><\/div>\n<p>Auteur: BM. Sidwaya<br \/>\n<a href=\"https:\/\/www.sidwaya.info\/blog\/2019\/07\/04\/lutte-contre-le-mariage-denfants\/\">Cliquez ici pour lire l&rsquo;article depuis sa source.<\/a><\/p>\n","protected":false},"excerpt":{"rendered":"<p>Dans le cadre de la campagne \u00abNe m\u2019appelez pas madame\u00bb du Fonds des Nations unies pour l\u2019enfance (UNICEF), l\u2019artiste-musicien burkinab\u00e8 Smarty a r\u00e9alis\u00e9 un clip vid\u00e9o d\u00e9nomm\u00e9 \u00abOmbre de la nuit\u00bb. L\u2019\u0153uvre a \u00e9t\u00e9 officiellement pr\u00e9sent\u00e9e au public, le jeudi 4 juillet 2019, \u00e0 Ouagadougou. Dans le monde en g\u00e9n\u00e9ral, une fille sur trois est [&hellip;]<\/p>\n","protected":false},"author":1816,"featured_media":0,"comment_status":"closed","ping_status":"closed","sticky":false,"template":"","format":"standard","meta":{"fifu_image_url":"","fifu_image_alt":"","footnotes":""},"categories":[73,81],"tags":[],"class_list":["post-44416","post","type-post","status-publish","format-standard","hentry","category-actualite","category-burkina-faso"],"_links":{"self":[{"href":"https:\/\/linitiative.ca\/International\/wp-json\/wp\/v2\/posts\/44416","targetHints":{"allow":["GET"]}}],"collection":[{"href":"https:\/\/linitiative.ca\/International\/wp-json\/wp\/v2\/posts"}],"about":[{"href":"https:\/\/linitiative.ca\/International\/wp-json\/wp\/v2\/types\/post"}],"author":[{"embeddable":true,"href":"https:\/\/linitiative.ca\/International\/wp-json\/wp\/v2\/users\/1816"}],"replies":[{"embeddable":true,"href":"https:\/\/linitiative.ca\/International\/wp-json\/wp\/v2\/comments?post=44416"}],"version-history":[{"count":0,"href":"https:\/\/linitiative.ca\/International\/wp-json\/wp\/v2\/posts\/44416\/revisions"}],"wp:attachment":[{"href":"https:\/\/linitiative.ca\/International\/wp-json\/wp\/v2\/media?parent=44416"}],"wp:term":[{"taxonomy":"category","embeddable":true,"href":"https:\/\/linitiative.ca\/International\/wp-json\/wp\/v2\/categories?post=44416"},{"taxonomy":"post_tag","embeddable":true,"href":"https:\/\/linitiative.ca\/International\/wp-json\/wp\/v2\/tags?post=44416"}],"curies":[{"name":"wp","href":"https:\/\/api.w.org\/{rel}","templated":true}]}}