{"id":44420,"date":"2019-07-04T17:35:14","date_gmt":"2019-07-04T21:35:14","guid":{"rendered":"https:\/\/linitiative.ca\/International\/prise-en-charge-des-deplaces-au-burkina\/"},"modified":"2019-07-04T17:35:14","modified_gmt":"2019-07-04T21:35:14","slug":"prise-en-charge-des-deplaces-au-burkina","status":"publish","type":"post","link":"https:\/\/linitiative.ca\/International\/prise-en-charge-des-deplaces-au-burkina\/","title":{"rendered":"Prise en charge des d\u00e9plac\u00e9s au Burkina"},"content":{"rendered":"<div class=\"td-post-featured-image\"><a href=\"https:\/\/i1.wp.com\/www.sidwaya.info\/wp-content\/uploads\/2019\/07\/sidpmpm.gif?fit=787%2C525&#038;ssl=1\" data-caption=\"\"><img loading=\"lazy\" decoding=\"async\" width=\"696\" height=\"464\" class=\"entry-thumb td-modal-image\" src=\"https:\/\/i1.wp.com\/www.sidwaya.info\/wp-content\/uploads\/2019\/07\/sidpmpm.gif?resize=696%2C464&#038;ssl=1\" alt=\"\" title=\"sidpmpm\"\/><\/a><\/div>\n<p><strong>Le Premier ministre, Christophe Joseph Marie Dabir\u00e9, a re\u00e7u en audience, le jeudi 4 juillet 2019 \u00e0 Ouagadougou, la sous-secr\u00e9taire des Nations unies pour l\u2019Afrique, Bintou Ke\u00efta.<\/strong><\/p>\n<p>La prise en charge de la crise s\u00e9curitaire et humanitaire au Burkina Faso pr\u00e9occupe le Syst\u00e8me des Nations unies. La sous-secr\u00e9taire des Nations unies pour l\u2019Afrique, charg\u00e9e des affaires politiques et de la consolidation de la paix et des op\u00e9rations de paix, Bintou Ke\u00efta, en a discut\u00e9 avec le Premier ministre, Christophe Joseph Marie Dabir\u00e9, le jeudi 4 juillet 2019, \u00e0 la Primature. Selon l\u2019\u00e9missaire onusienne, il s\u2019est agi de la mobilisation de la communaut\u00e9 des Nations unies pour soutenir les efforts dans la prise en charge des populations d\u00e9plac\u00e9es du fait des attaques terroristes. Elle a ajout\u00e9, que les discutions ont port\u00e9 \u00e9galement sur des \u00e9ventuelles r\u00e9ponses \u00e0 apporter pour un mieux-\u00eatre des victimes et de l\u2019ensemble de la population burkinab\u00e8. A entendre Mme K\u00e9\u00efta, des actions concr\u00e8tes ont d\u00e9j\u00e0 \u00e9t\u00e9 engag\u00e9es sur le terrain. \u00abA Kaya, il y a quelques mois, il n\u2019y a avait rien qui marquait la pr\u00e9sence des Nations unies, \u00e0 part les op\u00e9rations physiques. Maintenant, nous avons un bureau, qui s\u2019appelle le Bureau des Nations Unies\u00bb, a-t-elle fait savoir. Et de poursuivre que ce bureau va rassembler toutes les agences du Syst\u00e8me des Nations unies, qui appuient les efforts des autorit\u00e9s au niveau d\u00e9centralis\u00e9 (gouverneur, haut-commissaire \u2026) afin d\u2019accompagner le pays.<\/p>\n<p>Dawara Sylvie SOU<br \/>(Stagiaire)<\/p>\n<div class=\"td-a-rec td-a-rec-id-content_bottom td_uid_30_5d1e733a0dd2a_rand td_block_template_1\"><img loading=\"lazy\" decoding=\"async\" class=\"aligncenter size-full wp-image-9623\" src=\"https:\/\/www.sidwaya.info\/wp-content\/uploads\/2019\/06\/Projet-bannie%CC%80re-Orange-mobile.jpg\" alt=\"\" width=\"728\" height=\"81\"\/><\/div>\n<p>Auteur: BM. Sidwaya<br \/>\n<a href=\"https:\/\/www.sidwaya.info\/blog\/2019\/07\/04\/prise-en-charge-des-deplaces-au-burkina\/\">Cliquez ici pour lire l&rsquo;article depuis sa source.<\/a><\/p>\n","protected":false},"excerpt":{"rendered":"<p>Le Premier ministre, Christophe Joseph Marie Dabir\u00e9, a re\u00e7u en audience, le jeudi 4 juillet 2019 \u00e0 Ouagadougou, la sous-secr\u00e9taire des Nations unies pour l\u2019Afrique, Bintou Ke\u00efta. La prise en charge de la crise s\u00e9curitaire et humanitaire au Burkina Faso pr\u00e9occupe le Syst\u00e8me des Nations unies. La sous-secr\u00e9taire des Nations unies pour l\u2019Afrique, charg\u00e9e des [&hellip;]<\/p>\n","protected":false},"author":1816,"featured_media":0,"comment_status":"closed","ping_status":"closed","sticky":false,"template":"","format":"standard","meta":{"fifu_image_url":"","fifu_image_alt":"","footnotes":""},"categories":[73,81],"tags":[],"class_list":["post-44420","post","type-post","status-publish","format-standard","hentry","category-actualite","category-burkina-faso"],"_links":{"self":[{"href":"https:\/\/linitiative.ca\/International\/wp-json\/wp\/v2\/posts\/44420","targetHints":{"allow":["GET"]}}],"collection":[{"href":"https:\/\/linitiative.ca\/International\/wp-json\/wp\/v2\/posts"}],"about":[{"href":"https:\/\/linitiative.ca\/International\/wp-json\/wp\/v2\/types\/post"}],"author":[{"embeddable":true,"href":"https:\/\/linitiative.ca\/International\/wp-json\/wp\/v2\/users\/1816"}],"replies":[{"embeddable":true,"href":"https:\/\/linitiative.ca\/International\/wp-json\/wp\/v2\/comments?post=44420"}],"version-history":[{"count":0,"href":"https:\/\/linitiative.ca\/International\/wp-json\/wp\/v2\/posts\/44420\/revisions"}],"wp:attachment":[{"href":"https:\/\/linitiative.ca\/International\/wp-json\/wp\/v2\/media?parent=44420"}],"wp:term":[{"taxonomy":"category","embeddable":true,"href":"https:\/\/linitiative.ca\/International\/wp-json\/wp\/v2\/categories?post=44420"},{"taxonomy":"post_tag","embeddable":true,"href":"https:\/\/linitiative.ca\/International\/wp-json\/wp\/v2\/tags?post=44420"}],"curies":[{"name":"wp","href":"https:\/\/api.w.org\/{rel}","templated":true}]}}