{"id":44421,"date":"2019-07-04T17:40:15","date_gmt":"2019-07-04T21:40:15","guid":{"rendered":"https:\/\/linitiative.ca\/International\/lonu-ouvre-un-bureau-a-kaya\/"},"modified":"2019-07-04T17:40:15","modified_gmt":"2019-07-04T21:40:15","slug":"lonu-ouvre-un-bureau-a-kaya","status":"publish","type":"post","link":"https:\/\/linitiative.ca\/International\/lonu-ouvre-un-bureau-a-kaya\/","title":{"rendered":"L\u2019ONU ouvre un bureau \u00e0 Kaya"},"content":{"rendered":"<div class=\"td-post-featured-image\"><a href=\"https:\/\/i0.wp.com\/www.sidwaya.info\/wp-content\/uploads\/2019\/07\/president.gif?fit=787%2C525&#038;ssl=1\" data-caption=\"\"><img loading=\"lazy\" decoding=\"async\" width=\"696\" height=\"464\" class=\"entry-thumb td-modal-image\" src=\"https:\/\/i0.wp.com\/www.sidwaya.info\/wp-content\/uploads\/2019\/07\/president.gif?resize=696%2C464&#038;ssl=1\" alt=\"\" title=\"president\"\/><\/a><\/div>\n<p><strong>Le Pr\u00e9sident du Faso, Roch Marc Christian Kabor\u00e9, a successivement re\u00e7u en audience, le jeudi 4 juillet 2019, l\u2019ambassadeur du Royaume du Maroc au Burkina Faso, Farhat Bouazza, en fin de mission et la Sous-secr\u00e9taire de l\u2019ONU pour l\u2019Afrique, charg\u00e9e des affaires politiques, de la consolidation de la paix et des op\u00e9rations de paix, Bintou Ke\u00efta.<\/strong><\/p>\n<p>Le Syst\u00e8me des Nations unies pr\u00e9pare un dispositif d\u2019appui aux efforts du Burkina Faso pour soutenir les d\u00e9plac\u00e9s internes du fait de l\u2019ins\u00e9curit\u00e9. A cet effet, la Sous-secr\u00e9taire de l\u2019ONU pour l\u2019Afrique, charg\u00e9e des affaires politiques, de la consolidation de la paix et des op\u00e9rations de paix, Bintou Ke\u00efta, a effectu\u00e9 une mission au \u00abpays des Hommes int\u00e8gres\u00bb. A l\u2019occasion, celle-ci a fait des consultations et effectu\u00e9 une visite de terrain, le mercredi 2019 \u00e0 Kaya o\u00f9 elle a rencontr\u00e9 les autorit\u00e9s locales et les familles des d\u00e9plac\u00e9s. Le point de ces diff\u00e9rentes rencontres a \u00e9t\u00e9 fait au Pr\u00e9sident du Faso, Roch Marc Christian Kabor\u00e9. C\u2019est ce que la repr\u00e9sente du Syst\u00e8me des Nations unies a fait savoir, le jeudi 4 juillet 2019 \u00e0 Kosyam, \u00e0 sa sortie d\u2019audience avec le chef de l\u2019Etat. En plus de l\u2019interaction avec les groupes d\u2019hommes, de femmes et d\u2019enfants, Mme Ke\u00efta a indiqu\u00e9 qu\u2019un bureau des Nations unies a \u00e9t\u00e9 ouvert \u00e0 Kaya, \u00e0 l\u2019effet d\u2019\u00eatre \u00e0 proximit\u00e9 des populations pour des besoins d\u2019urgence. Dans les prochaines semaines, a-t-elle expliqu\u00e9, quatre bureaux seront install\u00e9s dans d\u2019autres r\u00e9gions. L\u2019h\u00f4te de Kosyam s\u2019est r\u00e9jouie du fait que le pr\u00e9sident du Faso soit d\u00e9j\u00e0 dans une vision de solidarit\u00e9 et d\u2019unification de la nation face aux d\u00e9fis qui se pr\u00e9sentent \u00e0 son pays. Avant cette rencontre, le chef de l\u2019Etat a re\u00e7u l\u2019ambassadeur du Royaume du Maroc au Burkina Faso, Farhat Bouazza en fin de mission. A sa sortie d\u2019audience, le diplomate marocain a manifest\u00e9 sa satisfaction d\u2019avoir servi au Burkina Faso. \u00abJ\u2019ai pass\u00e9 8 ans aux Pays des hommes int\u00e8gres. Ce sont des ann\u00e9es qui resteront grav\u00e9es dans ma m\u00e9moire et m\u00eame plus dans mon c\u0153ur\u00bb, a d\u00e9clar\u00e9 l\u2019ambassadeur. Cette rencontre d\u2019au revoir a \u00e9t\u00e9 aussi un moment pour lui, de parler de la coop\u00e9ration bilat\u00e9rale. \u00abLes deux pays affichent une volont\u00e9 de renforcer leur amiti\u00e9 au regard des atouts dont ils disposent\u00bb, a-t-il d\u00e9clar\u00e9. A ce sujet, le doyen des diplomates au Burkina Faso a \u00e9voqu\u00e9 la disponibilit\u00e9 des institutions financi\u00e8res dans les deux pays, l\u2019effectivit\u00e9 d\u2019une ligne a\u00e9rienne reliant directement Ouagadougou \u00e0 Casablanca et l\u2019existence d\u2019un cadre juridique \u00e9toff\u00e9.<\/p>\n<p>Abdoulaye BALBONE<\/p>\n<div class=\"td-a-rec td-a-rec-id-content_bottom td_uid_30_5d1e733ccf832_rand td_block_template_1\"><img loading=\"lazy\" decoding=\"async\" class=\"aligncenter size-full wp-image-9623\" src=\"https:\/\/www.sidwaya.info\/wp-content\/uploads\/2019\/06\/Projet-bannie%CC%80re-Orange-mobile.jpg\" alt=\"\" width=\"728\" height=\"81\"\/><\/div>\n<p>Auteur: BM. Sidwaya<br \/>\n<a href=\"https:\/\/www.sidwaya.info\/blog\/2019\/07\/04\/lonu-ouvre-un-bureau-a-kaya\/\">Cliquez ici pour lire l&rsquo;article depuis sa source.<\/a><\/p>\n","protected":false},"excerpt":{"rendered":"<p>Le Pr\u00e9sident du Faso, Roch Marc Christian Kabor\u00e9, a successivement re\u00e7u en audience, le jeudi 4 juillet 2019, l\u2019ambassadeur du Royaume du Maroc au Burkina Faso, Farhat Bouazza, en fin de mission et la Sous-secr\u00e9taire de l\u2019ONU pour l\u2019Afrique, charg\u00e9e des affaires politiques, de la consolidation de la paix et des op\u00e9rations de paix, Bintou [&hellip;]<\/p>\n","protected":false},"author":1816,"featured_media":0,"comment_status":"closed","ping_status":"closed","sticky":false,"template":"","format":"standard","meta":{"fifu_image_url":"","fifu_image_alt":"","footnotes":""},"categories":[73,81],"tags":[],"class_list":["post-44421","post","type-post","status-publish","format-standard","hentry","category-actualite","category-burkina-faso"],"_links":{"self":[{"href":"https:\/\/linitiative.ca\/International\/wp-json\/wp\/v2\/posts\/44421","targetHints":{"allow":["GET"]}}],"collection":[{"href":"https:\/\/linitiative.ca\/International\/wp-json\/wp\/v2\/posts"}],"about":[{"href":"https:\/\/linitiative.ca\/International\/wp-json\/wp\/v2\/types\/post"}],"author":[{"embeddable":true,"href":"https:\/\/linitiative.ca\/International\/wp-json\/wp\/v2\/users\/1816"}],"replies":[{"embeddable":true,"href":"https:\/\/linitiative.ca\/International\/wp-json\/wp\/v2\/comments?post=44421"}],"version-history":[{"count":0,"href":"https:\/\/linitiative.ca\/International\/wp-json\/wp\/v2\/posts\/44421\/revisions"}],"wp:attachment":[{"href":"https:\/\/linitiative.ca\/International\/wp-json\/wp\/v2\/media?parent=44421"}],"wp:term":[{"taxonomy":"category","embeddable":true,"href":"https:\/\/linitiative.ca\/International\/wp-json\/wp\/v2\/categories?post=44421"},{"taxonomy":"post_tag","embeddable":true,"href":"https:\/\/linitiative.ca\/International\/wp-json\/wp\/v2\/tags?post=44421"}],"curies":[{"name":"wp","href":"https:\/\/api.w.org\/{rel}","templated":true}]}}