{"id":44428,"date":"2019-07-04T14:18:03","date_gmt":"2019-07-04T18:18:03","guid":{"rendered":"https:\/\/linitiative.ca\/International\/la-zlecaf-va-propulser-lafrique-au-niveau-des-acteurs-majeurs-de-la-mondialisation-ministre-marocain\/"},"modified":"2019-07-04T14:18:03","modified_gmt":"2019-07-04T18:18:03","slug":"la-zlecaf-va-propulser-lafrique-au-niveau-des-acteurs-majeurs-de-la-mondialisation-ministre-marocain","status":"publish","type":"post","link":"https:\/\/linitiative.ca\/International\/la-zlecaf-va-propulser-lafrique-au-niveau-des-acteurs-majeurs-de-la-mondialisation-ministre-marocain\/","title":{"rendered":"La ZLECAF va propulser l\u2019Afrique au niveau des acteurs majeurs de la mondialisation (ministre marocain)"},"content":{"rendered":"<div readability=\"32\">\n<p>Publi\u00e9 le 04.07.2019 \u00e0 19h18 par APA News<\/p>\n<\/div>\n<div readability=\"140\">\n<p>La Zone de libre-\u00e9change continentale africaine (ZLECAF) est synonyme d\u2019un nouveau cycle \u00e9conomique africain et sera l\u2019une des plus grandes zones de libre-\u00e9change dans le monde avec un march\u00e9 commun de 1,2 milliards de consommateurs et une classe moyenne naissante de 300 millions de personnes et des besoins sans cesse croissants, a soulign\u00e9, jeudi Niamey, le ministre d\u00e9l\u00e9gu\u00e9 marocain charg\u00e9 de la coop\u00e9ration africaine, Mohcine Jazouli.\u00ab Cela repr\u00e9sente pour les entreprises africaines un nouveau d\u00e9fi et des gains \u00e9conomiques avec des centaines de milliers d\u2019emplois \u00e0 la clef dans tous les domaines. Cette Zone va propulser l\u2019Afrique au niveau des acteurs majeurs de la mondialisation \u00bb, a-t-il dit lors de la 35\u00e8me session ordinaire du Conseil ex\u00e9cutif de l\u2019UA, qui a ouvert ses travaux dans la capitale nig\u00e9rienne.<\/p>\n<p>Pour porter et soutenir cette dynamique, le Maroc s\u2019est lanc\u00e9 dans un programme d\u2019investissements sans pr\u00e9c\u00e9dent, a-t-il rappel\u00e9, ajoutant que le Maroc innove et renforce les liens de coop\u00e9ration avec tous les pays africains qui partagent ce d\u00e9sir de l\u2019\u00e9mergence de l\u2019Afrique.<\/p>\n<p>A l\u2019ouverture de ce conclave, le pr\u00e9sident de la Commission de l\u2019UA, Moussa Faki Mahamat, a soulign\u00e9 l\u2019imp\u00e9ratif pour les Etats africains de tout mettre en \u0153uvre en vue de mener \u00e0 bon port les diff\u00e9rents projets inscrits dans le cadre de l\u2019Agenda 2063 de l\u2019UA.<\/p>\n<p>Parmi les projets les plus embl\u00e9matiques de cet agenda, a-t-il dit, figure incontestablement l\u2019Accord sur la zone de libre-\u00e9change continentale africaine (ZLECAF) qui ambitionne d\u2019intensifier les \u00e9changes commerciaux sur l\u2019ensemble du continent et de constituer, \u00e0 terme, un march\u00e9 continental int\u00e9gr\u00e9.<\/p>\n<p>Le pr\u00e9sident de la Commission de l\u2019UA s\u2019est, dans ce sens, f\u00e9licit\u00e9 du travail technique d\u2019envergure qui a \u00e9t\u00e9 consenti en pr\u00e9lude \u00e0 l\u2019entr\u00e9e en vigueur officielle de la ZLECAF qui sera act\u00e9e lors de la 12\u00e8me session extraordinaire de l\u2019UA, pr\u00e9vue dimanche prochain dans la capitale nig\u00e9rienne.<\/p>\n<p>A cet \u00e9gard, il s\u2019est r\u00e9joui de la diligence de ratification par plus d\u2019une vingtaine de pays de l\u2019Accord sur la ZLECAF, dans la continuit\u00e9 de la dynamique enclench\u00e9e \u00e0 Kigali il y a presque une ann\u00e9e.<\/p>\n<p>\u00ab Aussi, devrions nous traiter avec l\u2019urgence requise toutes les questions en suspens, qu\u2019elles soient de nature technique ou politique \u00bb, a-t-il plaid\u00e9, expliquant que sur le plan technique, nombre d\u2019outils op\u00e9rationnels sont encore \u00e0 mettre au point.<\/p>\n<p>Au plan politique, a-t-il enchain\u00e9, la ratification du protocole au Trait\u00e9 d\u2019Abuja sur la libre circulation des personnes et des biens et de bien d\u2019autres m\u00e9canismes \u00e0 vocation d\u2019int\u00e9gration r\u00e9gionale reste une \u00ab urgence qui nous interpelle tous \u00bb.<\/p>\n<p>Dans la foul\u00e9e, le pr\u00e9sident de la commission de l\u2019UA a appel\u00e9 \u00e0 ratifier le protocole sur la libre circulation des personnes qui est un compl\u00e9ment, voire une condition indispensable \u00e0 l\u2019int\u00e9gration \u00e9conomique et sociale \u00e0 laquelle \u00ab nous aspirons \u00bb dans le continent.<\/p>\n<p>Sur un autre registre, il a mis en avant l\u2019importance du triptyque int\u00e9gration-prosp\u00e9rit\u00e9-paix dans la r\u00e9alisation du d\u00e9veloppement en Afrique, comme le pr\u00e9conise clairement l\u2019Agenda 2063 de l\u2019UA.<\/p>\n<p>Pour sa part, le ministre \u00e9gyptien des Affaires \u00e9trang\u00e8res, Sameh Choukri, dont le pays assure la pr\u00e9sidence actuelle de l\u2019UA a mis l\u2019accent sur l\u2019imp\u00e9ratif de conjuguer les efforts sur la base d\u2019une approche fond\u00e9e sur le consensus et la coop\u00e9ration entre tous les Etats Africains, le but \u00e9tant de mieux servir les int\u00e9r\u00eats des peuples africains.<\/p>\n<p>Pour lui, il est grand temps de renforcer la coop\u00e9ration entre l\u2019UA et les autres groupements et blocs r\u00e9gionaux, oeuvrer \u00e0 promouvoir l\u2019int\u00e9gration continentale strat\u00e9gique, consolider davantage la paix et la s\u00e9curit\u00e9 et faire rayonner l\u2019image du continent africain sur la sc\u00e8ne internationale.<\/p>\n<p>Revenant sur le lancement imminent de la phase op\u00e9rationnelle de la ZLECAF, le chef de la diplomatie \u00e9gyptienne a \u00e9voqu\u00e9 un \u00e9v\u00e9nement historique majeur sur la voie de la r\u00e9alisation et du parach\u00e8vement de l\u2019int\u00e9gration \u00e9conomique africaine, notant qu\u2019une mise en \u0153uvre litt\u00e9rale des dispositions de cet accord est de nature \u00e0 garantir un climat propice pour le d\u00e9veloppement inclusif de toue l\u2019Afrique.<\/p>\n<p>Plusieurs questions sont \u00e0 l\u2019ordre du jour de la 35\u00e8me session ordinaire du Conseil ex\u00e9cutif de l\u2019UA qui se poursuit \u00e0 huit clos. Il s\u2019agit, entre autres, de l\u2019examen du processus de r\u00e9forme institutionnelle de l\u2019UA, du projet de budget 2019 de l\u2019UA, et de la gestion du \u00ab Fonds pour la paix de l\u2019UA \u00bb, entre autres.<\/p>\n<\/div>\n<p>Auteur: APA News<br \/>\n<a href=\"https:\/\/www.journalducameroun.com\/la-zlecaf-va-propulser-lafrique-au-niveau-des-acteurs-majeurs-de-la-mondialisation-ministre-marocain\/\">Cliquez ici pour lire l&rsquo;article depuis sa source.<\/a><\/p>\n","protected":false},"excerpt":{"rendered":"<p>Publi\u00e9 le 04.07.2019 \u00e0 19h18 par APA News La Zone de libre-\u00e9change continentale africaine (ZLECAF) est synonyme d\u2019un nouveau cycle \u00e9conomique africain et sera l\u2019une des plus grandes zones de libre-\u00e9change dans le monde avec un march\u00e9 commun de 1,2 milliards de consommateurs et une classe moyenne naissante de 300 millions de personnes et des [&hellip;]<\/p>\n","protected":false},"author":1965,"featured_media":0,"comment_status":"closed","ping_status":"closed","sticky":false,"template":"","format":"standard","meta":{"fifu_image_url":"","fifu_image_alt":"","footnotes":""},"categories":[73,82],"tags":[],"class_list":["post-44428","post","type-post","status-publish","format-standard","hentry","category-actualite","category-cameroun"],"_links":{"self":[{"href":"https:\/\/linitiative.ca\/International\/wp-json\/wp\/v2\/posts\/44428","targetHints":{"allow":["GET"]}}],"collection":[{"href":"https:\/\/linitiative.ca\/International\/wp-json\/wp\/v2\/posts"}],"about":[{"href":"https:\/\/linitiative.ca\/International\/wp-json\/wp\/v2\/types\/post"}],"author":[{"embeddable":true,"href":"https:\/\/linitiative.ca\/International\/wp-json\/wp\/v2\/users\/1965"}],"replies":[{"embeddable":true,"href":"https:\/\/linitiative.ca\/International\/wp-json\/wp\/v2\/comments?post=44428"}],"version-history":[{"count":0,"href":"https:\/\/linitiative.ca\/International\/wp-json\/wp\/v2\/posts\/44428\/revisions"}],"wp:attachment":[{"href":"https:\/\/linitiative.ca\/International\/wp-json\/wp\/v2\/media?parent=44428"}],"wp:term":[{"taxonomy":"category","embeddable":true,"href":"https:\/\/linitiative.ca\/International\/wp-json\/wp\/v2\/categories?post=44428"},{"taxonomy":"post_tag","embeddable":true,"href":"https:\/\/linitiative.ca\/International\/wp-json\/wp\/v2\/tags?post=44428"}],"curies":[{"name":"wp","href":"https:\/\/api.w.org\/{rel}","templated":true}]}}