{"id":44429,"date":"2019-07-04T15:18:03","date_gmt":"2019-07-04T19:18:03","guid":{"rendered":"https:\/\/linitiative.ca\/International\/de-nouveaux-dirigeants-a-la-tete-de-la-bvmac\/"},"modified":"2019-07-04T15:18:03","modified_gmt":"2019-07-04T19:18:03","slug":"de-nouveaux-dirigeants-a-la-tete-de-la-bvmac","status":"publish","type":"post","link":"https:\/\/linitiative.ca\/International\/de-nouveaux-dirigeants-a-la-tete-de-la-bvmac\/","title":{"rendered":"De nouveaux dirigeants \u00e0 la t\u00eate de la BVMAC"},"content":{"rendered":"<div readability=\"32\">\n<p>Publi\u00e9 le 04.07.2019 \u00e0 20h18 par APA News<\/p>\n<\/div>\n<div readability=\"50\">\n<p>Le pr\u00e9sident du conseil d\u2019administration et le directeur g\u00e9n\u00e9ral de la Bourse des valeurs mobili\u00e8res de l\u2019Afrique centrale (BVMAC) ont \u00e9t\u00e9 d\u00e9sign\u00e9s, jeudi \u00e0 Douala, au terme d\u2019une Assembl\u00e9e g\u00e9n\u00e9rale, a constat\u00e9 APA.Il s\u2019agit d\u2019Henri Claude Obama, pr\u00e9sident g\u00e9n\u00e9ral de la BGFIBANK \u00e9lu pr\u00e9sident du Conseil d\u2019administration et Jean Claude Ngwa, nomm\u00e9 Directeur g\u00e9n\u00e9ral.<\/p>\n<p>La d\u00e9signation de ces responsables intervient \u00e0 la veille du lancement des activit\u00e9s de la BVMAC, pr\u00e9vu vendredi le 05 juillet \u00e0 Douala qui abrite son si\u00e8ge.<\/p>\n<p>D\u00e9sormais, le march\u00e9 financier unique et unifi\u00e9 de l\u2019Afrique centrale peut se d\u00e9ployer, conform\u00e9ment \u00e0 la d\u00e9cision des Chefs d\u2019Etat de la Communaut\u00e9 \u00e9conomique et mon\u00e9taire de l\u2019Afrique centrale (CEMAC).<\/p>\n<\/div>\n<p>Auteur: APA News<br \/>\n<a href=\"https:\/\/www.journalducameroun.com\/de-nouveaux-dirigeants-a-la-tete-de-la-bvmac\/\">Cliquez ici pour lire l&rsquo;article depuis sa source.<\/a><\/p>\n","protected":false},"excerpt":{"rendered":"<p>Publi\u00e9 le 04.07.2019 \u00e0 20h18 par APA News Le pr\u00e9sident du conseil d\u2019administration et le directeur g\u00e9n\u00e9ral de la Bourse des valeurs mobili\u00e8res de l\u2019Afrique centrale (BVMAC) ont \u00e9t\u00e9 d\u00e9sign\u00e9s, jeudi \u00e0 Douala, au terme d\u2019une Assembl\u00e9e g\u00e9n\u00e9rale, a constat\u00e9 APA.Il s\u2019agit d\u2019Henri Claude Obama, pr\u00e9sident g\u00e9n\u00e9ral de la BGFIBANK \u00e9lu pr\u00e9sident du Conseil d\u2019administration [&hellip;]<\/p>\n","protected":false},"author":1965,"featured_media":0,"comment_status":"closed","ping_status":"closed","sticky":false,"template":"","format":"standard","meta":{"fifu_image_url":"","fifu_image_alt":"","footnotes":""},"categories":[73,82],"tags":[],"class_list":["post-44429","post","type-post","status-publish","format-standard","hentry","category-actualite","category-cameroun"],"_links":{"self":[{"href":"https:\/\/linitiative.ca\/International\/wp-json\/wp\/v2\/posts\/44429","targetHints":{"allow":["GET"]}}],"collection":[{"href":"https:\/\/linitiative.ca\/International\/wp-json\/wp\/v2\/posts"}],"about":[{"href":"https:\/\/linitiative.ca\/International\/wp-json\/wp\/v2\/types\/post"}],"author":[{"embeddable":true,"href":"https:\/\/linitiative.ca\/International\/wp-json\/wp\/v2\/users\/1965"}],"replies":[{"embeddable":true,"href":"https:\/\/linitiative.ca\/International\/wp-json\/wp\/v2\/comments?post=44429"}],"version-history":[{"count":0,"href":"https:\/\/linitiative.ca\/International\/wp-json\/wp\/v2\/posts\/44429\/revisions"}],"wp:attachment":[{"href":"https:\/\/linitiative.ca\/International\/wp-json\/wp\/v2\/media?parent=44429"}],"wp:term":[{"taxonomy":"category","embeddable":true,"href":"https:\/\/linitiative.ca\/International\/wp-json\/wp\/v2\/categories?post=44429"},{"taxonomy":"post_tag","embeddable":true,"href":"https:\/\/linitiative.ca\/International\/wp-json\/wp\/v2\/tags?post=44429"}],"curies":[{"name":"wp","href":"https:\/\/api.w.org\/{rel}","templated":true}]}}