{"id":44431,"date":"2019-07-04T15:50:05","date_gmt":"2019-07-04T19:50:05","guid":{"rendered":"https:\/\/linitiative.ca\/International\/naufrage-au-large-de-la-tunisie-plus-de-80-migrants-portes-disparus\/"},"modified":"2019-07-04T15:50:05","modified_gmt":"2019-07-04T19:50:05","slug":"naufrage-au-large-de-la-tunisie-plus-de-80-migrants-portes-disparus","status":"publish","type":"post","link":"https:\/\/linitiative.ca\/International\/naufrage-au-large-de-la-tunisie-plus-de-80-migrants-portes-disparus\/","title":{"rendered":"Naufrage au large de la Tunisie, plus de 80 migrants port\u00e9s disparus"},"content":{"rendered":"<p>Une embarcation avec plus de 80 migrants \u00e0 bord a fait naufrage entre la Libye et la Tunisie, laissant craindre des dizaines de morts, selon le t\u00e9moignage d\u2019un des trois survivants ayant pass\u00e9 deux jours accroch\u00e9s \u00e0 ce qu\u2019il restait du bateau.<\/p>\n<p>\u00ab\u00a0On a pass\u00e9 deux jours comme \u00e7a, accroch\u00e9s au bois\u00a0\u00bb, raconte \u00e0 l\u2019AFP, encore sous le choc, Soleiman Coulibaly. Ce jeune Malien sauv\u00e9 in extremis mercredi par un bateau tunisien, peine \u00e0 \u00e9voquer son calvaire, et \u00e0 reconstituer les faits.<\/p>\n<p>\u00ab\u00a0On \u00e9tait environ 80\u00a0\u00bb, \u00ab\u00a0des Guin\u00e9ens, des Ivoiriens, des Maliens, des Burkinab\u00e9s\u00a0\u00bb, \u00e9gr\u00e8ne-t-il, la gorge nou\u00e9e. \u00ab\u00a0Il y avait quatre femmes, une enceinte, une avec son b\u00e9b\u00e9, et toutes sont rest\u00e9es dans l\u2019eau\u00a0\u00bb.<\/p>\n<p>L\u2019embarcation, un bateau pneumatique, \u00e9tait partie lundi \u00e0 l\u2019aube de la ville libyenne de Zouara, \u00e0 120 km \u00e0 l\u2019ouest de Tripoli, avec 86 personnes \u00e0 bord, a indiqu\u00e9 \u00e0 l\u2019AFP un responsable de la Garde maritime tunisienne s\u2019exprimant sous couvert de l\u2019anonymat et se basant sur les d\u00e9clarations d\u2019un miracul\u00e9.<\/p>\n<p>Lundi \u00ab\u00a0\u00e0 midi, le bateau a commenc\u00e9 \u00e0 bercer, l\u2019eau a commenc\u00e9 \u00e0 entrer dans le bateau, les gens \u00e9taient traumatis\u00e9s, certains sont tomb\u00e9s dans l\u2019eau, eux sont rest\u00e9s l\u00e0-bas \u2026 \u00ab\u00a0, raconte Souleiman.<\/p>\n<p>Il \u00e9voque un incendie lorsque l\u2019essence a pris feu au moment o\u00f9 le bateau a commenc\u00e9 \u00e0 couler.<\/p>\n<p>Quatre survivants, trois Maliens et un Ivoirien, ont \u00e9t\u00e9 secourus par la Garde nationale maritime, alert\u00e9e par des p\u00eacheurs, a indiqu\u00e9 \u00e0 l\u2019AFP le porte-parole Houcem Eddine Jebabli.<\/p>\n<p>L\u2019Ivoirien secouru est d\u00e9c\u00e9d\u00e9 jeudi \u00e0 l\u2019h\u00f4pital, et un des Maliens est toujours hospitalis\u00e9 en r\u00e9animation, ont pr\u00e9cis\u00e9 \u00e0 l\u2019AFP le Croissant-Rouge et un responsable local de la Garde nationale maritime.<\/p>\n<p>Soleiman, lui, est pour le moment h\u00e9berg\u00e9 dans un foyer de migrants \u00e0 Zarzis, dans le sud de la Tunisie, o\u00f9 avaient d\u00e9j\u00e0 transit\u00e9 16 survivants, majoritairement Bangladais, d\u2019un autre naufrage entre la Libye et l\u2019Italie d\u00e9but mai dernier.<\/p>\n<p>Il raconte que les naufrag\u00e9s ont appel\u00e9 les secours \u00ab\u00a0europ\u00e9ens\u00a0\u00bb, jusqu\u2019\u00e0 ce que ceux qui avaient les t\u00e9l\u00e9phones tombent \u00e0 l\u2019eau.<\/p>\n<p>Apr\u00e8s deux jours \u00e0 la d\u00e9rive, accroch\u00e9s \u00e0 ce qu\u2019il restait du bateau, les quatre derniers survivants ont vu mercredi \u00ab\u00a0un petit bateau de p\u00eacheur\u00a0\u00bb, ajoute-t-il. Secourus ensuite par la Garde nationale, ils ont \u00e9t\u00e9 hospitalis\u00e9s et soign\u00e9s.<\/p>\n<p>\u2013 \u00ab\u00a0Assumer la responsabilit\u00e9\u00a0\u00bb \u2013<\/p>\n<p>\u00ab\u00a0La mort de 80 migrants est \u00e0 craindre, plus d\u2019information est n\u00e9cessaire pour confirmer ce qui est arriv\u00e9 et le nombre exacte de disparus,\u00a0\u00bb a de son c\u00f4t\u00e9 tweet\u00e9 jeudi Flavio Di Giacomo, un porte-parole de l\u2019Organisation internationale des migrations.<\/p>\n<p>Selon un communiqu\u00e9 de la pr\u00e9sidence du gouvernement tunisien transmis \u00e0 l\u2019AFP, le Premier ministre Youssef Chahed avait assur\u00e9 mercredi, lors d\u2019une visite \u00e0 Zarzis, que \u00ab\u00a0la question des r\u00e9fugi\u00e9s et des migrants ne rel\u00e8ve pas de la responsabilit\u00e9 de la R\u00e9publique tunisienne\u00a0\u00bb mais que \u00ab\u00a0tous les pays doivent en assumer la responsabilit\u00e9\u00a0\u00bb.<\/p>\n<p>Ces derni\u00e8res semaines, des dizaines de candidats \u00e0 l\u2019exil tentant de rallier l\u2019Italie depuis l\u2019ouest de la Libye ont \u00e9t\u00e9 secourus au large de la Tunisie.<\/p>\n<p>La guerre et le chaos en Libye pousse des migrants notamment des Subsahariens \u00e0 rallier ill\u00e9galement l\u2019Europe. Mercredi, plus de 44 migrants ont \u00e9t\u00e9 tu\u00e9s et 130 bless\u00e9s dans un bombardement a\u00e9rien contre leur centre de d\u00e9tention pr\u00e8s de la capitale libyenne, Tripoli.<\/p>\n<p>Quelques jours apr\u00e8s le naufrage qui avait fait un soixantaine de morts d\u00e9but mai, quelque 75 migrants, l\u00e0 encore en majorit\u00e9 Bangladais, sauv\u00e9s en M\u00e9diterran\u00e9e fin mai, \u00e9taient rest\u00e9s bloqu\u00e9s plus de deux semaines sur le pont d\u2019un bateau au large de Zarzis.<\/p>\n<p>Les autorit\u00e9s tunisiennes ont d\u2019abord refus\u00e9 d\u2019accueillir ces migrants, exigeant qu\u2019ils acceptent d\u2019\u00eatre renvoy\u00e9s dans leur pays avant de les laisser d\u00e9barquer, et un grand nombre d\u2019entre eux ont depuis \u00e9t\u00e9 renvoy\u00e9s au Bangladesh par l\u2019OIM.<\/p>\n<p>En ao\u00fbt dernier, un autre bateau commercial, le Sarost 5, \u00e9tait rest\u00e9 bloqu\u00e9 plus de deux semaines en mer avec les 40 immigr\u00e9s clandestins qu\u2019il avait secourus. Soucieux de ne pas cr\u00e9er un pr\u00e9c\u00e9dent, le gouvernement tunisien avait soulign\u00e9 qu\u2019il acceptait ces migrants exceptionnellement et pour raisons \u00ab\u00a0humanitaires\u00a0\u00bb.<\/p>\n<p>Auteur: AFP<br \/>\n<a href=\"https:\/\/www.journalducameroun.com\/naufrage-au-large-de-la-tunisie-plus-de-80-migrants-portes-disparus\/\">Cliquez ici pour lire l&rsquo;article depuis sa source.<\/a><\/p>\n","protected":false},"excerpt":{"rendered":"<p>Une embarcation avec plus de 80 migrants \u00e0 bord a fait naufrage entre la Libye et la Tunisie, laissant craindre des dizaines de morts, selon le t\u00e9moignage d\u2019un des trois survivants ayant pass\u00e9 deux jours accroch\u00e9s \u00e0 ce qu\u2019il restait du bateau. \u00ab\u00a0On a pass\u00e9 deux jours comme \u00e7a, accroch\u00e9s au bois\u00a0\u00bb, raconte \u00e0 l\u2019AFP, [&hellip;]<\/p>\n","protected":false},"author":1965,"featured_media":0,"comment_status":"closed","ping_status":"closed","sticky":false,"template":"","format":"standard","meta":{"fifu_image_url":"","fifu_image_alt":"","footnotes":""},"categories":[73,82],"tags":[],"class_list":["post-44431","post","type-post","status-publish","format-standard","hentry","category-actualite","category-cameroun"],"_links":{"self":[{"href":"https:\/\/linitiative.ca\/International\/wp-json\/wp\/v2\/posts\/44431","targetHints":{"allow":["GET"]}}],"collection":[{"href":"https:\/\/linitiative.ca\/International\/wp-json\/wp\/v2\/posts"}],"about":[{"href":"https:\/\/linitiative.ca\/International\/wp-json\/wp\/v2\/types\/post"}],"author":[{"embeddable":true,"href":"https:\/\/linitiative.ca\/International\/wp-json\/wp\/v2\/users\/1965"}],"replies":[{"embeddable":true,"href":"https:\/\/linitiative.ca\/International\/wp-json\/wp\/v2\/comments?post=44431"}],"version-history":[{"count":0,"href":"https:\/\/linitiative.ca\/International\/wp-json\/wp\/v2\/posts\/44431\/revisions"}],"wp:attachment":[{"href":"https:\/\/linitiative.ca\/International\/wp-json\/wp\/v2\/media?parent=44431"}],"wp:term":[{"taxonomy":"category","embeddable":true,"href":"https:\/\/linitiative.ca\/International\/wp-json\/wp\/v2\/categories?post=44431"},{"taxonomy":"post_tag","embeddable":true,"href":"https:\/\/linitiative.ca\/International\/wp-json\/wp\/v2\/tags?post=44431"}],"curies":[{"name":"wp","href":"https:\/\/api.w.org\/{rel}","templated":true}]}}