{"id":44432,"date":"2019-07-04T16:50:01","date_gmt":"2019-07-04T20:50:01","guid":{"rendered":"https:\/\/linitiative.ca\/International\/resultats-provisoires-du-bac-un-stress-en-plus-disent-des-eleves\/"},"modified":"2019-07-04T16:50:01","modified_gmt":"2019-07-04T20:50:01","slug":"resultats-provisoires-du-bac-un-stress-en-plus-disent-des-eleves","status":"publish","type":"post","link":"https:\/\/linitiative.ca\/International\/resultats-provisoires-du-bac-un-stress-en-plus-disent-des-eleves\/","title":{"rendered":"R\u00e9sultats provisoires du bac: \u00ab\u00a0un stress en plus\u00a0\u00bb, disent des \u00e9l\u00e8ves"},"content":{"rendered":"<div readability=\"32\">\n<p>Publi\u00e9 le 04.07.2019 \u00e0 21h50 par AFP<\/p>\n<\/div>\n<div readability=\"111\">\n<p>\u00ab\u00a0Attendre comme des pantins\u00a0\u00bb, \u00ab\u00a0travailler pour rien\u00a0\u00bb\u2026 Alors que Jean-Michel Blanquer a promis que tous les candidats au bac auraient leurs r\u00e9sultats vendredi malgr\u00e9 la r\u00e9tention de copies, gr\u00e2ce \u00e0 la prise en compte du contr\u00f4le continu, certains \u00e9l\u00e8ves estiment \u00ab\u00a0\u00eatre pris en otage\u00a0\u00bb.<\/p>\n<p>\u00ab\u00a0On se dit qu\u2019on a travaill\u00e9 pendant parfois deux ou trois mois pour qu\u2019on ne sache m\u00eame pas si notre travail vaudra finalement quelque chose\u00a0\u00bb, lance Victoire, en Terminale L \u00e0 Versailles. Selon la jeune fille interrog\u00e9e par l\u2019AFP, \u00ab\u00a0les candidats attendent comme des pantins de voir ce qu\u2019il va leur arriver\u00a0\u00bb. \u00ab\u00a0Plus on en apprend, plus on est en col\u00e8re contre les professeurs\u00a0\u00bb, ajoute-elle.<\/p>\n<p>Pour contraindre le gouvernement \u00e0 rouvrir des n\u00e9gociations sur les r\u00e9formes du lyc\u00e9e et du bac qu\u2019ils d\u00e9noncent, des professeurs avaient refus\u00e9 de saisir les notes des candidats mais aussi, pour certains, de rendre les copies. Mais mercredi, le ministre de l\u2019\u00c9ducation a mis fin aux interrogations des lyc\u00e9ens: si certaines notes d\u2019examen manquaient, ce seront les notes du contr\u00f4le continu du l\u2019ann\u00e9e qui seront prises en compte pour compl\u00e9ter la moyenne.<\/p>\n<p>Et si la note du bac s\u2019av\u00e8re finalement meilleure, c\u2019est celle-l\u00e0 qui sera conserv\u00e9e.<\/p>\n<p>\u00ab\u00a0J\u2019ai besoin d\u2019avoir ma note d\u2019examen et pas celle du contr\u00f4le continu pour avoir mon affectation car je suis dans un lyc\u00e9e exigeant, qui note s\u00e9v\u00e8rement\u00a0\u00bb, raconte \u00e0 l\u2019AFP Hippolyte Septier, en terminale ES au lyc\u00e9e Saint-\u00c9rembert \u00e0 Saint-Germain-en-Laye (Yvelines). Pass\u00e9 par le \u00ab\u00a0ParcoursSup anglais\u00a0\u00bb pour int\u00e9grer une universit\u00e9 \u00e0 Manchester, ce jeune de 17 ans \u00ab\u00a0a besoin d\u2019un 14 en maths\u00a0\u00bb. Mais \u00ab\u00a0je n\u2019ai pas ces notes en maths en moyenne annuelle, il me faut absolument celle du bac\u00a0\u00bb, d\u00e9plore cet \u00e9l\u00e8ve qui doit rentrer ses notes samedi sur la plate-forme anglaise.<\/p>\n<p>\u2013 \u00ab\u00a0A quoi \u00e7a servait de r\u00e9viser ?\u00a0\u00bb \u2013<\/p>\n<p>Pour Baptiste Ritz, 17 ans aussi, \u00ab\u00a0c\u2019est un stress en plus\u00a0\u00bb, m\u00eame s\u2019il ne sent pas concern\u00e9 \u00ab\u00a0personnellement\u00a0\u00bb: \u00ab\u00a0Je suis d\u00e9j\u00e0 admis en pr\u00e9pa litt\u00e9raire au lyc\u00e9e du Parc \u00e0 Lyon, je n\u2019ai donc pas besoin de mention\u00a0\u00bb, pr\u00e9cise cet \u00e9l\u00e8ve en fili\u00e8re scientifique \u00e0 Bois-Colombes (Hauts-de-Seine). \u00ab\u00a0Je trouve cette initiative des gr\u00e9vistes assez int\u00e9ressante mais cela pose probl\u00e8me si l\u2019avenir des \u00e9l\u00e8ves est en jeu\u2026 On est quand m\u00eame pris en otage alors qu\u2019on a rien demand\u00e9\u00a0\u00bb, souligne tout de m\u00eame le lyc\u00e9en.<\/p>\n<p>En fili\u00e8re L, Thalia Piwnik, qui est d\u00e9j\u00e0 affect\u00e9e en pr\u00e9pa litt\u00e9raire dans un lyc\u00e9e du 9e arrondissement \u00e0 Paris, redoute que sa note de philosophie soit remplac\u00e9e par celles du contr\u00f4le continu: \u00ab\u00a0A quoi \u00e7a servait de venir et de r\u00e9viser ? J\u2019\u00e9tais contente de moi, ce serait dommage\u00a0\u00bb, regrette-elle.<\/p>\n<p>\u00ab\u00a0Des \u00e9l\u00e8ves devront aller aux rattrapages \u00e0 cause de leurs notes du livret alors qu\u2019elles auraient peut-\u00eatre eu le bac\u00a0\u00bb, d\u00e9plore Cl\u00e9mence en fili\u00e8re L \u00e0 Cosne-sur-Loire (Ni\u00e8vre), pour qui le bac a demand\u00e9 beaucoup de travail car \u00ab\u00a0il y a eu des manquements dans les programmes \u00e0 cause de gr\u00e8ves pendant l\u2019ann\u00e9e\u00a0\u00bb.<\/p>\n<p>De son c\u00f4t\u00e9 Lise, en s\u00e9rie ES au lyc\u00e9e Lavoisier \u00e0 Auchel (Pas-de-Calais), ne sait pas comment ses notes \u00ab\u00a0seront faites finalement, avec tout ce que l\u2019on a entendu. J\u2019esp\u00e8re juste que le travail sera bien fait et qu\u2019il n\u2019y aura plus de probl\u00e8mes apr\u00e8s l\u2019annonce d\u00e9finitive des notes\u00a0\u00bb, esp\u00e8re-t-elle.<\/p>\n<\/div>\n<p>Auteur: AFP<br \/>\n<a href=\"https:\/\/www.journalducameroun.com\/resultats-provisoires-du-bac-un-stress-en-plus-disent-des-eleves\/\">Cliquez ici pour lire l&rsquo;article depuis sa source.<\/a><\/p>\n","protected":false},"excerpt":{"rendered":"<p>Publi\u00e9 le 04.07.2019 \u00e0 21h50 par AFP \u00ab\u00a0Attendre comme des pantins\u00a0\u00bb, \u00ab\u00a0travailler pour rien\u00a0\u00bb\u2026 Alors que Jean-Michel Blanquer a promis que tous les candidats au bac auraient leurs r\u00e9sultats vendredi malgr\u00e9 la r\u00e9tention de copies, gr\u00e2ce \u00e0 la prise en compte du contr\u00f4le continu, certains \u00e9l\u00e8ves estiment \u00ab\u00a0\u00eatre pris en otage\u00a0\u00bb. \u00ab\u00a0On se dit qu\u2019on [&hellip;]<\/p>\n","protected":false},"author":1965,"featured_media":0,"comment_status":"closed","ping_status":"closed","sticky":false,"template":"","format":"standard","meta":{"fifu_image_url":"","fifu_image_alt":"","footnotes":""},"categories":[73,82],"tags":[],"class_list":["post-44432","post","type-post","status-publish","format-standard","hentry","category-actualite","category-cameroun"],"_links":{"self":[{"href":"https:\/\/linitiative.ca\/International\/wp-json\/wp\/v2\/posts\/44432","targetHints":{"allow":["GET"]}}],"collection":[{"href":"https:\/\/linitiative.ca\/International\/wp-json\/wp\/v2\/posts"}],"about":[{"href":"https:\/\/linitiative.ca\/International\/wp-json\/wp\/v2\/types\/post"}],"author":[{"embeddable":true,"href":"https:\/\/linitiative.ca\/International\/wp-json\/wp\/v2\/users\/1965"}],"replies":[{"embeddable":true,"href":"https:\/\/linitiative.ca\/International\/wp-json\/wp\/v2\/comments?post=44432"}],"version-history":[{"count":0,"href":"https:\/\/linitiative.ca\/International\/wp-json\/wp\/v2\/posts\/44432\/revisions"}],"wp:attachment":[{"href":"https:\/\/linitiative.ca\/International\/wp-json\/wp\/v2\/media?parent=44432"}],"wp:term":[{"taxonomy":"category","embeddable":true,"href":"https:\/\/linitiative.ca\/International\/wp-json\/wp\/v2\/categories?post=44432"},{"taxonomy":"post_tag","embeddable":true,"href":"https:\/\/linitiative.ca\/International\/wp-json\/wp\/v2\/tags?post=44432"}],"curies":[{"name":"wp","href":"https:\/\/api.w.org\/{rel}","templated":true}]}}